{"id":10769,"date":"2026-04-15T16:36:09","date_gmt":"2026-04-15T14:36:09","guid":{"rendered":"https:\/\/alpenda.ch\/?post_type=news&#038;p=10769"},"modified":"2026-04-21T16:49:39","modified_gmt":"2026-04-21T14:49:39","slug":"pressemitteilung","status":"publish","type":"news","link":"https:\/\/alpenda.ch\/de\/actualite\/pressemitteilung\/","title":{"rendered":"Pressemitteilung"},"content":{"rendered":"\n<p class=\"wp-block-paragraph\">ufgrund der k\u00fcrzlich in den Medien erschienenen Informationen \u00fcber das Gesuch der Steiner Construction AG um provisorische Nachlassstundung beim Bezirksgericht Z\u00fcrich m\u00f6chte die Steiner Construction AG eine <strong>wesentliche Klarstellung vornehmen, um m\u00f6gliche Verwirrungen zu vermeiden<br\/><\/strong>.<\/p>\n\n<ul class=\"wp-block-list\">\n<li><strong>Seit ihrer \u00dcbernahme im Januar 2024 durch die franz\u00f6sische Gruppe DEMATHIEU BARD <\/strong>(2,1 Milliarden EUR Umsatz, 4000 Mitarbeiter, in 6 L\u00e4ndern vertreten)<strong> ist die Steiner Construction SA autonom und v\u00f6llig unabh\u00e4ngig von der Steiner Construction AG\/SA<\/strong>.<\/li>\n\n\n\n<li><strong>Steiner Construction AG verf\u00fcgt \u00fcber eine solide finanzielle Gesundheit und ein robustes Projektportfolio.<\/strong><\/li>\n\n\n\n<li><strong>Die laufenden Gesch\u00e4fte laufen gut, die Verpflichtungen werden eingehalten und die Aussichten der Steiner Construction AG sind ausgezeichnet.<\/strong><\/li>\n<\/ul>\n\n<p class=\"wp-block-paragraph\"><strong>Damit m\u00f6chten wir allen unseren Stakeholdern versichern, dass unsere Aktivit\u00e4ten stabil und zur Zufriedenheit unserer Kunden fortgef\u00fchrt werden.<\/strong><\/p>\n\n<p class=\"wp-block-paragraph\">Steiner Construction AG arbeitet mit Professionalit\u00e4t und Engagement, getreu ihren Werten und hohen Qualit\u00e4tsstandards.<\/p>\n\n<p class=\"wp-block-paragraph\"><\/p>\n\n<p class=\"wp-block-paragraph\"><strong>\u00dcber Steiner Construction SA<br\/><\/strong>Steiner Construction ist ein Referenz-Total- und Generalunternehmen in der Westschweiz. Sein Engagement zeigt sich in einer Vielzahl von Dienstleistungen, die minuti\u00f6s auf die Anforderungen seiner Kunden zugeschnitten sind. Mit einem Team von fast 200 erfahrenen Fachleuten betreut das Unternehmen eine breite Palette von Bauprojekten: Neubauten, Renovierungen, hochwertige Bauprojekte und Gro\u00dfprojekte. Mit mehr als einem Jahrhundert Erfahrung im Schweizer Bauwesen ist das Unternehmen in der Lage, sich an jedes Projekt anzupassen.   <\/p>\n\n<p class=\"wp-block-paragraph\"><strong>\u00dcber DEMATHIEU BARD<br\/><\/strong>DEMATHIEU BARD wurde 1861 als unabh\u00e4ngiges Unternehmen in Lothringen gegr\u00fcndet und ist einer der wichtigsten franz\u00f6sischen Akteure im Bau- und Immobiliensektor. Der Konzern ist f\u00fcr seine technische Expertise und sein Know-how insbesondere im Bereich komplexer Bauwerke und Kunstbauten in Frankreich und auf internationaler Ebene bekannt. Mit 60 Niederlassungen in Frankreich, Europa und Nordamerika ist DEMATHIEU BARD auf den M\u00e4rkten f\u00fcr Infrastrukturen und Tiefbau, Hochbau, Fertigbau und Immobilien t\u00e4tig. Dieses erweiterte Angebot, gepaart mit einem anerkannten Know-how, erm\u00f6glicht es dem Unternehmen, seine Kunden bei der Realisierung aller ihrer Projekte zu begleiten, unabh\u00e4ngig vom Grad der Komplexit\u00e4t. Nach dieser \u00dcbernahme wird die Gruppe DEMATHIEU BARD fast 4000 Mitarbeiter umfassen und einen Umsatz in der Gr\u00f6\u00dfenordnung von 2,1 Milliarden Euro erzielen.<br\/>F\u00fcr weitere Informationen: https: <a href=\"https:\/\/www.demathieu-bard.fr\/\" target=\"_blank\" rel=\"noreferrer noopener nofollow\">\/\/www.demathieu-bard.fr\/<\/a>    <\/p>\n\n<p class=\"wp-block-paragraph\"><a href=\"https:\/\/alpenda.ch\/wp-content\/uploads\/2024\/06\/communique_Alpenda_construction..pdf\">Lesen Sie die Pressemitteilung<br\/><\/a><\/p>\n\n<p class=\"wp-block-paragraph\"><strong>Medienkontakt<br\/><\/strong>Benjamin Pic<br\/>Leiter Kommunikation<br\/>Steiner Construction AG<br\/>+41 58 445 28 75<br\/><a href=\"mailto:Communication@Alpenda-construction.ch\" target=\"_blank\" rel=\"noreferrer noopener\">Communication@steiner-construction.ch<\/a><\/p>\n","protected":false},"template":"","news_category":[580],"class_list":["post-10769","news","type-news","status-publish","hentry","news_category-pressemitteilung"],"acf":[],"yoast_head":"<!-- This site is optimized with the Yoast SEO plugin v28.4 - https:\/\/yoast.com\/product\/yoast-seo-wordpress\/ -->\n<title>Pressemitteilung - Alpenda<\/title>\n<meta name=\"robots\" content=\"index, follow, max-snippet:-1, max-image-preview:large, max-video-preview:-1\" \/>\n<link rel=\"canonical\" href=\"https:\/\/alpenda.ch\/de\/actualite\/pressemitteilung\/\" \/>\n<meta property=\"og:locale\" content=\"de_DE\" \/>\n<meta property=\"og:type\" content=\"article\" \/>\n<meta property=\"og:title\" content=\"Pressemitteilung - Alpenda\" \/>\n<meta property=\"og:description\" content=\"ufgrund der k\u00fcrzlich in den Medien erschienenen Informationen \u00fcber das Gesuch der Steiner Construction AG um provisorische Nachlassstundung beim Bezirksgericht Z\u00fcrich m\u00f6chte die Steiner Construction AG eine wesentliche Klarstellung vornehmen, um m\u00f6gliche Verwirrungen zu vermeiden. Damit m\u00f6chten wir allen unseren Stakeholdern versichern, dass unsere Aktivit\u00e4ten stabil und zur Zufriedenheit unserer Kunden fortgef\u00fchrt werden. Steiner Construction [&hellip;]\" \/>\n<meta property=\"og:url\" content=\"https:\/\/alpenda.ch\/de\/actualite\/pressemitteilung\/\" \/>\n<meta property=\"og:site_name\" content=\"Alpenda\" \/>\n<meta property=\"article:modified_time\" content=\"2026-04-21T14:49:39+00:00\" \/>\n<meta name=\"twitter:card\" content=\"summary_large_image\" \/>\n<meta name=\"twitter:label1\" content=\"Gesch\u00e4tzte Lesezeit\" \/>\n\t<meta name=\"twitter:data1\" content=\"2\u00a0Minuten\" \/>\n<script type=\"application\/ld+json\" class=\"yoast-schema-graph\">{\"@context\":\"https:\\\/\\\/schema.org\",\"@graph\":[{\"@type\":\"WebPage\",\"@id\":\"https:\\\/\\\/alpenda.ch\\\/de\\\/actualite\\\/pressemitteilung\\\/\",\"url\":\"https:\\\/\\\/alpenda.ch\\\/de\\\/actualite\\\/pressemitteilung\\\/\",\"name\":\"Pressemitteilung - Alpenda\",\"isPartOf\":{\"@id\":\"https:\\\/\\\/alpenda.ch\\\/de\\\/#website\"},\"datePublished\":\"2026-04-15T14:36:09+00:00\",\"dateModified\":\"2026-04-21T14:49:39+00:00\",\"breadcrumb\":{\"@id\":\"https:\\\/\\\/alpenda.ch\\\/de\\\/actualite\\\/pressemitteilung\\\/#breadcrumb\"},\"inLanguage\":\"de\",\"potentialAction\":[{\"@type\":\"ReadAction\",\"target\":[\"https:\\\/\\\/alpenda.ch\\\/de\\\/actualite\\\/pressemitteilung\\\/\"]}]},{\"@type\":\"BreadcrumbList\",\"@id\":\"https:\\\/\\\/alpenda.ch\\\/de\\\/actualite\\\/pressemitteilung\\\/#breadcrumb\",\"itemListElement\":[{\"@type\":\"ListItem\",\"position\":1,\"name\":\"Accueil\",\"item\":\"https:\\\/\\\/alpenda.ch\\\/de\\\/startseite\\\/\"},{\"@type\":\"ListItem\",\"position\":2,\"name\":\"Actualit\u00e9s\",\"item\":\"https:\\\/\\\/alpenda.ch\\\/de\\\/actualite\\\/\"},{\"@type\":\"ListItem\",\"position\":3,\"name\":\"Pressemitteilung\"}]},{\"@type\":\"WebSite\",\"@id\":\"https:\\\/\\\/alpenda.ch\\\/de\\\/#website\",\"url\":\"https:\\\/\\\/alpenda.ch\\\/de\\\/\",\"name\":\"Alpenda\",\"description\":\"Avec Alpenda, num\u00e9ro un des ET\\\/EG en Suisse romande, nous proposons dans la r\u00e9gion des prestations architecturales vari\u00e9es pour la r\u00e9alisation d\u2019immeubles.\",\"potentialAction\":[{\"@type\":\"SearchAction\",\"target\":{\"@type\":\"EntryPoint\",\"urlTemplate\":\"https:\\\/\\\/alpenda.ch\\\/de\\\/?s={search_term_string}\"},\"query-input\":{\"@type\":\"PropertyValueSpecification\",\"valueRequired\":true,\"valueName\":\"search_term_string\"}}],\"inLanguage\":\"de\"}]}<\/script>\n<!-- \/ Yoast SEO plugin. -->","yoast_head_json":{"title":"Pressemitteilung - Alpenda","robots":{"index":"index","follow":"follow","max-snippet":"max-snippet:-1","max-image-preview":"max-image-preview:large","max-video-preview":"max-video-preview:-1"},"canonical":"https:\/\/alpenda.ch\/de\/actualite\/pressemitteilung\/","og_locale":"de_DE","og_type":"article","og_title":"Pressemitteilung - Alpenda","og_description":"ufgrund der k\u00fcrzlich in den Medien erschienenen Informationen \u00fcber das Gesuch der Steiner Construction AG um provisorische Nachlassstundung beim Bezirksgericht Z\u00fcrich m\u00f6chte die Steiner Construction AG eine wesentliche Klarstellung vornehmen, um m\u00f6gliche Verwirrungen zu vermeiden. Damit m\u00f6chten wir allen unseren Stakeholdern versichern, dass unsere Aktivit\u00e4ten stabil und zur Zufriedenheit unserer Kunden fortgef\u00fchrt werden. Steiner Construction [&hellip;]","og_url":"https:\/\/alpenda.ch\/de\/actualite\/pressemitteilung\/","og_site_name":"Alpenda","article_modified_time":"2026-04-21T14:49:39+00:00","twitter_card":"summary_large_image","twitter_misc":{"Gesch\u00e4tzte Lesezeit":"2\u00a0Minuten"},"schema":{"@context":"https:\/\/schema.org","@graph":[{"@type":"WebPage","@id":"https:\/\/alpenda.ch\/de\/actualite\/pressemitteilung\/","url":"https:\/\/alpenda.ch\/de\/actualite\/pressemitteilung\/","name":"Pressemitteilung - Alpenda","isPartOf":{"@id":"https:\/\/alpenda.ch\/de\/#website"},"datePublished":"2026-04-15T14:36:09+00:00","dateModified":"2026-04-21T14:49:39+00:00","breadcrumb":{"@id":"https:\/\/alpenda.ch\/de\/actualite\/pressemitteilung\/#breadcrumb"},"inLanguage":"de","potentialAction":[{"@type":"ReadAction","target":["https:\/\/alpenda.ch\/de\/actualite\/pressemitteilung\/"]}]},{"@type":"BreadcrumbList","@id":"https:\/\/alpenda.ch\/de\/actualite\/pressemitteilung\/#breadcrumb","itemListElement":[{"@type":"ListItem","position":1,"name":"Accueil","item":"https:\/\/alpenda.ch\/de\/startseite\/"},{"@type":"ListItem","position":2,"name":"Actualit\u00e9s","item":"https:\/\/alpenda.ch\/de\/actualite\/"},{"@type":"ListItem","position":3,"name":"Pressemitteilung"}]},{"@type":"WebSite","@id":"https:\/\/alpenda.ch\/de\/#website","url":"https:\/\/alpenda.ch\/de\/","name":"Alpenda","description":"Avec Alpenda, num\u00e9ro un des ET\/EG en Suisse romande, nous proposons dans la r\u00e9gion des prestations architecturales vari\u00e9es pour la r\u00e9alisation d\u2019immeubles.","potentialAction":[{"@type":"SearchAction","target":{"@type":"EntryPoint","urlTemplate":"https:\/\/alpenda.ch\/de\/?s={search_term_string}"},"query-input":{"@type":"PropertyValueSpecification","valueRequired":true,"valueName":"search_term_string"}}],"inLanguage":"de"}]}},"_links":{"self":[{"href":"https:\/\/alpenda.ch\/de\/wp-json\/wp\/v2\/news\/10769","targetHints":{"allow":["GET"]}}],"collection":[{"href":"https:\/\/alpenda.ch\/de\/wp-json\/wp\/v2\/news"}],"about":[{"href":"https:\/\/alpenda.ch\/de\/wp-json\/wp\/v2\/types\/news"}],"wp:attachment":[{"href":"https:\/\/alpenda.ch\/de\/wp-json\/wp\/v2\/media?parent=10769"}],"wp:term":[{"taxonomy":"news_category","embeddable":true,"href":"https:\/\/alpenda.ch\/de\/wp-json\/wp\/v2\/news_category?post=10769"}],"curies":[{"name":"wp","href":"https:\/\/api.w.org\/{rel}","templated":true}]}}