{"id":11079,"date":"2026-04-15T16:36:16","date_gmt":"2026-04-15T14:36:16","guid":{"rendered":"https:\/\/alpenda.ch\/actualite\/%f0%9f%8f%97%ef%b8%8f-actu-projet-les-eaux-vives-ge-2-2\/"},"modified":"2026-04-15T16:36:16","modified_gmt":"2026-04-15T14:36:16","slug":"%f0%9f%8f%97%ef%b8%8f-actu-projet-les-eaux-vives-ge-2-2-4","status":"publish","type":"news","link":"https:\/\/alpenda.ch\/de\/actualite\/%f0%9f%8f%97%ef%b8%8f-actu-projet-les-eaux-vives-ge-2-2-4\/","title":{"rendered":"\ud83c\udfd7\ufe0f [Actu projet] Les Eaux-Vives (GE)"},"content":{"rendered":"\n<p class=\"wp-block-paragraph\">Situ\u00e9 sur le site de Meyrin, le b\u00e2timent 60 est une r\u00e9f\u00e9rence de l\u2019architecture genevoise, con\u00e7u au XX\u1d49 si\u00e8cle par<strong> <\/strong>Peter et Rudolf Steiger. Sa r\u00e9novation illustre comment un \u00e9difice patrimonial peut \u00e9voluer pour r\u00e9pondre aux exigences contemporaines sans perdre son identit\u00e9.<\/p>\n\n<p class=\"wp-block-paragraph\">Le projet a permis de remplacer les fa\u00e7ades, d\u2019int\u00e9grer des menuiseries triple vitrage et de moderniser les espaces administratifs, ainsi que la salle de conf\u00e9rence du 6\u1d49 \u00e9tage. Ces interventions offrent aux occupants <strong>plus de confort, de luminosit\u00e9 et d\u2019efficacit\u00e9 \u00e9nerg\u00e9tique<\/strong>, tout en conservant l\u2019\u00e9l\u00e9gance et la silhouette qui font l\u2019identit\u00e9 du b\u00e2timent.<\/p>\n\n<h3 class=\"wp-block-heading has-medium-font-size\">Une transformation technique compl\u00e8te et pr\u00e9cise<\/h3>\n\n<p class=\"wp-block-paragraph\"><br\/>La modernisation du b\u00e2timent 60 a impliqu\u00e9 une <strong>intervention globale sur l\u2019ensemble des infrastructures techniques<\/strong>, permettant de concilier s\u00e9curit\u00e9, performance et durabilit\u00e9.<\/p>\n\n<p class=\"wp-block-paragraph\">Avant les travaux, un assainissement sp\u00e9cifique a trait\u00e9 la pr\u00e9sence d\u2019amiante et de plomb. Les r\u00e9seaux techniques ont ensuite \u00e9t\u00e9 reconstruits pour accueillir des installations modernes adapt\u00e9es aux besoins actuels.<\/p>\n\n<p class=\"wp-block-paragraph\">Parmi les \u00e9volutions majeures\u202f: l\u2019installation de plafonds actifs pour r\u00e9guler la temp\u00e9rature, et de syst\u00e8mes de gestion \u00e9nerg\u00e9tique performants. Ces choix garantissent une <strong>performance technique de haut niveau<\/strong>, r\u00e9pondant aux standards d\u2019excellence attendus pour un b\u00e2timent embl\u00e9matique du CERN.<\/p>\n\n<h3 class=\"wp-block-heading has-medium-font-size\">Performance \u00e9nerg\u00e9tique et confort renforc\u00e9s<\/h3>\n\n<p class=\"wp-block-paragraph\"><br\/>La r\u00e9novation s\u2019inscrit dans une d\u00e9marche de <strong>haute performance \u00e9nerg\u00e9tique<\/strong>\u202f: les nouvelles fa\u00e7ades et menuiseries triple vitrage renforcent l\u2019isolation thermique, tandis que les panneaux photovolta\u00efques en toiture produisent une partie de l\u2019\u00e9nergie n\u00e9cessaire au fonctionnement du b\u00e2timent.<\/p>\n\n<p class=\"wp-block-paragraph\">Ces am\u00e9liorations permettent de r\u00e9duire la consommation \u00e9nerg\u00e9tique globale, tout en offrant des conditions de travail plus agr\u00e9ables et plus confortables pour les \u00e9quipes.<\/p>\n\n<h3 class=\"wp-block-heading has-medium-font-size\">Un b\u00e2timent modernis\u00e9 pour les usages contemporains<\/h3>\n\n<p class=\"wp-block-paragraph\"><br\/>Gr\u00e2ce \u00e0 cette r\u00e9novation, le b\u00e2timent 60 du CERN allie <strong>modernit\u00e9 et patrimoine<\/strong>. Plus lumineux, performant et adapt\u00e9 aux usages actuels, il conserve son empreinte architecturale historique tout en s\u2019inscrivant dans une nouvelle phase de son histoire.<\/p>\n\n<p class=\"wp-block-paragraph\">Ce projet illustre parfaitement l\u2019approche d\u2019Alpenda\u202f: allier <strong>pr\u00e9cision, durabilit\u00e9 et excellence<\/strong> dans chaque intervention, qu\u2019il s\u2019agisse de construction neuve ou de r\u00e9novation d\u2019\u00e9difices patrimoniaux.<\/p>\n\n<p class=\"wp-block-paragraph\"><\/p>\n\n<figure class=\"wp-block-gallery has-nested-images columns-default is-cropped wp-block-gallery-1 is-layout-flex wp-block-gallery-is-layout-flex\">\n<figure class=\"wp-block-image size-large\"><img decoding=\"async\" width=\"1024\" height=\"683\" data-id=\"11085\" src=\"https:\/\/alpenda.ch\/wp-content\/uploads\/2026\/03\/cern5.-1024x683.jpg\" alt=\"\" class=\"wp-image-11085\" srcset=\"https:\/\/alpenda.ch\/wp-content\/uploads\/2026\/03\/cern5.-1024x683.jpg 1024w, https:\/\/alpenda.ch\/wp-content\/uploads\/2026\/03\/cern5.-300x200.jpg 300w, https:\/\/alpenda.ch\/wp-content\/uploads\/2026\/03\/cern5.-768x512.jpg 768w, https:\/\/alpenda.ch\/wp-content\/uploads\/2026\/03\/cern5..jpg 1200w\" sizes=\"(max-width: 1024px) 100vw, 1024px\" \/><\/figure>\n\n\n\n<figure class=\"wp-block-image size-large\"><img decoding=\"async\" width=\"1024\" height=\"683\" data-id=\"11084\" src=\"https:\/\/alpenda.ch\/wp-content\/uploads\/2026\/03\/cern4.-1024x683.jpg\" alt=\"\" class=\"wp-image-11084\" srcset=\"https:\/\/alpenda.ch\/wp-content\/uploads\/2026\/03\/cern4.-1024x683.jpg 1024w, https:\/\/alpenda.ch\/wp-content\/uploads\/2026\/03\/cern4.-300x200.jpg 300w, https:\/\/alpenda.ch\/wp-content\/uploads\/2026\/03\/cern4.-768x512.jpg 768w, https:\/\/alpenda.ch\/wp-content\/uploads\/2026\/03\/cern4..jpg 1200w\" sizes=\"(max-width: 1024px) 100vw, 1024px\" \/><\/figure>\n\n\n\n<figure class=\"wp-block-image size-large\"><img decoding=\"async\" width=\"1024\" height=\"683\" data-id=\"11083\" src=\"https:\/\/alpenda.ch\/wp-content\/uploads\/2026\/03\/cern2.-1024x683.jpg\" alt=\"\" class=\"wp-image-11083\" srcset=\"https:\/\/alpenda.ch\/wp-content\/uploads\/2026\/03\/cern2.-1024x683.jpg 1024w, https:\/\/alpenda.ch\/wp-content\/uploads\/2026\/03\/cern2.-300x200.jpg 300w, https:\/\/alpenda.ch\/wp-content\/uploads\/2026\/03\/cern2.-768x512.jpg 768w, https:\/\/alpenda.ch\/wp-content\/uploads\/2026\/03\/cern2..jpg 1200w\" sizes=\"(max-width: 1024px) 100vw, 1024px\" \/><\/figure>\n\n\n\n<figure class=\"wp-block-image size-large\"><img decoding=\"async\" width=\"1024\" height=\"683\" data-id=\"11082\" src=\"https:\/\/alpenda.ch\/wp-content\/uploads\/2026\/03\/cern3.-1024x683.jpg\" alt=\"\" class=\"wp-image-11082\" srcset=\"https:\/\/alpenda.ch\/wp-content\/uploads\/2026\/03\/cern3.-1024x683.jpg 1024w, https:\/\/alpenda.ch\/wp-content\/uploads\/2026\/03\/cern3.-300x200.jpg 300w, https:\/\/alpenda.ch\/wp-content\/uploads\/2026\/03\/cern3.-768x512.jpg 768w, https:\/\/alpenda.ch\/wp-content\/uploads\/2026\/03\/cern3..jpg 1200w\" sizes=\"(max-width: 1024px) 100vw, 1024px\" \/><\/figure>\n<\/figure>\n\n<p class=\"has-medium-font-size wp-block-paragraph\"><\/p>\n\n<p class=\"wp-block-paragraph\"><\/p>\n\n<p class=\"wp-block-paragraph\"><\/p>\n\n<p class=\"wp-block-paragraph\"><\/p>\n\n<p class=\"wp-block-paragraph\"><\/p>\n\n<p class=\"wp-block-paragraph\"><\/p>\n\n<p class=\"wp-block-paragraph\"><\/p>\n\n<p class=\"wp-block-paragraph\"><\/p>\n","protected":false},"template":"","news_category":[],"class_list":["post-11079","news","type-news","status-publish","hentry"],"acf":[],"yoast_head":"<!-- This site is optimized with the Yoast SEO plugin v28.4 - https:\/\/yoast.com\/product\/yoast-seo-wordpress\/ -->\n<title>\ud83c\udfd7\ufe0f [Actu projet] Les Eaux-Vives (GE) - Alpenda<\/title>\n<meta name=\"robots\" content=\"index, follow, max-snippet:-1, max-image-preview:large, max-video-preview:-1\" \/>\n<link rel=\"canonical\" href=\"https:\/\/alpenda.ch\/de\/actualite\/%f0%9f%8f%97%ef%b8%8f-actu-projet-les-eaux-vives-ge-2-2-4\/\" \/>\n<meta property=\"og:locale\" content=\"de_DE\" \/>\n<meta property=\"og:type\" content=\"article\" \/>\n<meta property=\"og:title\" content=\"\ud83c\udfd7\ufe0f [Actu projet] Les Eaux-Vives (GE) - Alpenda\" \/>\n<meta property=\"og:description\" content=\"Situ\u00e9 sur le site de Meyrin, le b\u00e2timent 60 est une r\u00e9f\u00e9rence de l\u2019architecture genevoise, con\u00e7u au XX\u1d49 si\u00e8cle par Peter et Rudolf Steiger. Sa r\u00e9novation illustre comment un \u00e9difice patrimonial peut \u00e9voluer pour r\u00e9pondre aux exigences contemporaines sans perdre son identit\u00e9. Le projet a permis de remplacer les fa\u00e7ades, d\u2019int\u00e9grer des menuiseries triple vitrage [&hellip;]\" \/>\n<meta property=\"og:url\" content=\"https:\/\/alpenda.ch\/de\/actualite\/%f0%9f%8f%97%ef%b8%8f-actu-projet-les-eaux-vives-ge-2-2-4\/\" \/>\n<meta property=\"og:site_name\" content=\"Alpenda\" \/>\n<meta property=\"og:image\" content=\"https:\/\/alpenda.ch\/wp-content\/uploads\/2026\/03\/cern5..jpg\" \/>\n\t<meta property=\"og:image:width\" content=\"1200\" \/>\n\t<meta property=\"og:image:height\" content=\"800\" \/>\n\t<meta property=\"og:image:type\" content=\"image\/jpeg\" \/>\n<meta name=\"twitter:card\" content=\"summary_large_image\" \/>\n<meta name=\"twitter:label1\" content=\"Gesch\u00e4tzte Lesezeit\" \/>\n\t<meta name=\"twitter:data1\" content=\"2\u00a0Minuten\" \/>\n<script type=\"application\/ld+json\" class=\"yoast-schema-graph\">{\"@context\":\"https:\\\/\\\/schema.org\",\"@graph\":[{\"@type\":\"WebPage\",\"@id\":\"https:\\\/\\\/alpenda.ch\\\/de\\\/actualite\\\/%f0%9f%8f%97%ef%b8%8f-actu-projet-les-eaux-vives-ge-2-2-4\\\/\",\"url\":\"https:\\\/\\\/alpenda.ch\\\/de\\\/actualite\\\/%f0%9f%8f%97%ef%b8%8f-actu-projet-les-eaux-vives-ge-2-2-4\\\/\",\"name\":\"\ud83c\udfd7\ufe0f [Actu projet] Les Eaux-Vives (GE) - Alpenda\",\"isPartOf\":{\"@id\":\"https:\\\/\\\/alpenda.ch\\\/de\\\/#website\"},\"primaryImageOfPage\":{\"@id\":\"https:\\\/\\\/alpenda.ch\\\/de\\\/actualite\\\/%f0%9f%8f%97%ef%b8%8f-actu-projet-les-eaux-vives-ge-2-2-4\\\/#primaryimage\"},\"image\":{\"@id\":\"https:\\\/\\\/alpenda.ch\\\/de\\\/actualite\\\/%f0%9f%8f%97%ef%b8%8f-actu-projet-les-eaux-vives-ge-2-2-4\\\/#primaryimage\"},\"thumbnailUrl\":\"https:\\\/\\\/alpenda.ch\\\/wp-content\\\/uploads\\\/2026\\\/03\\\/cern5.-1024x683.jpg\",\"datePublished\":\"2026-04-15T14:36:16+00:00\",\"breadcrumb\":{\"@id\":\"https:\\\/\\\/alpenda.ch\\\/de\\\/actualite\\\/%f0%9f%8f%97%ef%b8%8f-actu-projet-les-eaux-vives-ge-2-2-4\\\/#breadcrumb\"},\"inLanguage\":\"de\",\"potentialAction\":[{\"@type\":\"ReadAction\",\"target\":[\"https:\\\/\\\/alpenda.ch\\\/de\\\/actualite\\\/%f0%9f%8f%97%ef%b8%8f-actu-projet-les-eaux-vives-ge-2-2-4\\\/\"]}]},{\"@type\":\"ImageObject\",\"inLanguage\":\"de\",\"@id\":\"https:\\\/\\\/alpenda.ch\\\/de\\\/actualite\\\/%f0%9f%8f%97%ef%b8%8f-actu-projet-les-eaux-vives-ge-2-2-4\\\/#primaryimage\",\"url\":\"https:\\\/\\\/alpenda.ch\\\/wp-content\\\/uploads\\\/2026\\\/03\\\/cern5.-1024x683.jpg\",\"contentUrl\":\"https:\\\/\\\/alpenda.ch\\\/wp-content\\\/uploads\\\/2026\\\/03\\\/cern5.-1024x683.jpg\"},{\"@type\":\"BreadcrumbList\",\"@id\":\"https:\\\/\\\/alpenda.ch\\\/de\\\/actualite\\\/%f0%9f%8f%97%ef%b8%8f-actu-projet-les-eaux-vives-ge-2-2-4\\\/#breadcrumb\",\"itemListElement\":[{\"@type\":\"ListItem\",\"position\":1,\"name\":\"Accueil\",\"item\":\"https:\\\/\\\/alpenda.ch\\\/de\\\/startseite\\\/\"},{\"@type\":\"ListItem\",\"position\":2,\"name\":\"Actualit\u00e9s\",\"item\":\"https:\\\/\\\/alpenda.ch\\\/de\\\/actualite\\\/\"},{\"@type\":\"ListItem\",\"position\":3,\"name\":\"\ud83c\udfd7\ufe0f [Actu projet] Les Eaux-Vives (GE)\"}]},{\"@type\":\"WebSite\",\"@id\":\"https:\\\/\\\/alpenda.ch\\\/de\\\/#website\",\"url\":\"https:\\\/\\\/alpenda.ch\\\/de\\\/\",\"name\":\"Alpenda\",\"description\":\"Avec Alpenda, num\u00e9ro un des ET\\\/EG en Suisse romande, nous proposons dans la r\u00e9gion des prestations architecturales vari\u00e9es pour la r\u00e9alisation d\u2019immeubles.\",\"potentialAction\":[{\"@type\":\"SearchAction\",\"target\":{\"@type\":\"EntryPoint\",\"urlTemplate\":\"https:\\\/\\\/alpenda.ch\\\/de\\\/?s={search_term_string}\"},\"query-input\":{\"@type\":\"PropertyValueSpecification\",\"valueRequired\":true,\"valueName\":\"search_term_string\"}}],\"inLanguage\":\"de\"}]}<\/script>\n<!-- \/ Yoast SEO plugin. -->","yoast_head_json":{"title":"\ud83c\udfd7\ufe0f [Actu projet] Les Eaux-Vives (GE) - Alpenda","robots":{"index":"index","follow":"follow","max-snippet":"max-snippet:-1","max-image-preview":"max-image-preview:large","max-video-preview":"max-video-preview:-1"},"canonical":"https:\/\/alpenda.ch\/de\/actualite\/%f0%9f%8f%97%ef%b8%8f-actu-projet-les-eaux-vives-ge-2-2-4\/","og_locale":"de_DE","og_type":"article","og_title":"\ud83c\udfd7\ufe0f [Actu projet] Les Eaux-Vives (GE) - Alpenda","og_description":"Situ\u00e9 sur le site de Meyrin, le b\u00e2timent 60 est une r\u00e9f\u00e9rence de l\u2019architecture genevoise, con\u00e7u au XX\u1d49 si\u00e8cle par Peter et Rudolf Steiger. Sa r\u00e9novation illustre comment un \u00e9difice patrimonial peut \u00e9voluer pour r\u00e9pondre aux exigences contemporaines sans perdre son identit\u00e9. Le projet a permis de remplacer les fa\u00e7ades, d\u2019int\u00e9grer des menuiseries triple vitrage [&hellip;]","og_url":"https:\/\/alpenda.ch\/de\/actualite\/%f0%9f%8f%97%ef%b8%8f-actu-projet-les-eaux-vives-ge-2-2-4\/","og_site_name":"Alpenda","og_image":[{"width":1200,"height":800,"url":"https:\/\/alpenda.ch\/wp-content\/uploads\/2026\/03\/cern5..jpg","type":"image\/jpeg"}],"twitter_card":"summary_large_image","twitter_misc":{"Gesch\u00e4tzte Lesezeit":"2\u00a0Minuten"},"schema":{"@context":"https:\/\/schema.org","@graph":[{"@type":"WebPage","@id":"https:\/\/alpenda.ch\/de\/actualite\/%f0%9f%8f%97%ef%b8%8f-actu-projet-les-eaux-vives-ge-2-2-4\/","url":"https:\/\/alpenda.ch\/de\/actualite\/%f0%9f%8f%97%ef%b8%8f-actu-projet-les-eaux-vives-ge-2-2-4\/","name":"\ud83c\udfd7\ufe0f [Actu projet] Les Eaux-Vives (GE) - Alpenda","isPartOf":{"@id":"https:\/\/alpenda.ch\/de\/#website"},"primaryImageOfPage":{"@id":"https:\/\/alpenda.ch\/de\/actualite\/%f0%9f%8f%97%ef%b8%8f-actu-projet-les-eaux-vives-ge-2-2-4\/#primaryimage"},"image":{"@id":"https:\/\/alpenda.ch\/de\/actualite\/%f0%9f%8f%97%ef%b8%8f-actu-projet-les-eaux-vives-ge-2-2-4\/#primaryimage"},"thumbnailUrl":"https:\/\/alpenda.ch\/wp-content\/uploads\/2026\/03\/cern5.-1024x683.jpg","datePublished":"2026-04-15T14:36:16+00:00","breadcrumb":{"@id":"https:\/\/alpenda.ch\/de\/actualite\/%f0%9f%8f%97%ef%b8%8f-actu-projet-les-eaux-vives-ge-2-2-4\/#breadcrumb"},"inLanguage":"de","potentialAction":[{"@type":"ReadAction","target":["https:\/\/alpenda.ch\/de\/actualite\/%f0%9f%8f%97%ef%b8%8f-actu-projet-les-eaux-vives-ge-2-2-4\/"]}]},{"@type":"ImageObject","inLanguage":"de","@id":"https:\/\/alpenda.ch\/de\/actualite\/%f0%9f%8f%97%ef%b8%8f-actu-projet-les-eaux-vives-ge-2-2-4\/#primaryimage","url":"https:\/\/alpenda.ch\/wp-content\/uploads\/2026\/03\/cern5.-1024x683.jpg","contentUrl":"https:\/\/alpenda.ch\/wp-content\/uploads\/2026\/03\/cern5.-1024x683.jpg"},{"@type":"BreadcrumbList","@id":"https:\/\/alpenda.ch\/de\/actualite\/%f0%9f%8f%97%ef%b8%8f-actu-projet-les-eaux-vives-ge-2-2-4\/#breadcrumb","itemListElement":[{"@type":"ListItem","position":1,"name":"Accueil","item":"https:\/\/alpenda.ch\/de\/startseite\/"},{"@type":"ListItem","position":2,"name":"Actualit\u00e9s","item":"https:\/\/alpenda.ch\/de\/actualite\/"},{"@type":"ListItem","position":3,"name":"\ud83c\udfd7\ufe0f [Actu projet] Les Eaux-Vives (GE)"}]},{"@type":"WebSite","@id":"https:\/\/alpenda.ch\/de\/#website","url":"https:\/\/alpenda.ch\/de\/","name":"Alpenda","description":"Avec Alpenda, num\u00e9ro un des ET\/EG en Suisse romande, nous proposons dans la r\u00e9gion des prestations architecturales vari\u00e9es pour la r\u00e9alisation d\u2019immeubles.","potentialAction":[{"@type":"SearchAction","target":{"@type":"EntryPoint","urlTemplate":"https:\/\/alpenda.ch\/de\/?s={search_term_string}"},"query-input":{"@type":"PropertyValueSpecification","valueRequired":true,"valueName":"search_term_string"}}],"inLanguage":"de"}]}},"_links":{"self":[{"href":"https:\/\/alpenda.ch\/de\/wp-json\/wp\/v2\/news\/11079","targetHints":{"allow":["GET"]}}],"collection":[{"href":"https:\/\/alpenda.ch\/de\/wp-json\/wp\/v2\/news"}],"about":[{"href":"https:\/\/alpenda.ch\/de\/wp-json\/wp\/v2\/types\/news"}],"wp:attachment":[{"href":"https:\/\/alpenda.ch\/de\/wp-json\/wp\/v2\/media?parent=11079"}],"wp:term":[{"taxonomy":"news_category","embeddable":true,"href":"https:\/\/alpenda.ch\/de\/wp-json\/wp\/v2\/news_category?post=11079"}],"curies":[{"name":"wp","href":"https:\/\/api.w.org\/{rel}","templated":true}]}}