{"id":11087,"date":"2026-04-15T16:36:18","date_gmt":"2026-04-15T14:36:18","guid":{"rendered":"https:\/\/alpenda.ch\/actualite\/%f0%9f%8f%97%ef%b8%8f-actu-projet-les-eaux-vives-ge-2-2\/"},"modified":"2026-04-15T16:36:18","modified_gmt":"2026-04-15T14:36:18","slug":"%f0%9f%8f%97%ef%b8%8f-actu-projet-les-eaux-vives-ge-2-2-2","status":"publish","type":"news","link":"https:\/\/alpenda.ch\/de\/actualite\/%f0%9f%8f%97%ef%b8%8f-actu-projet-les-eaux-vives-ge-2-2-2\/","title":{"rendered":"Neues Wohn- und Gesch\u00e4ftshaus in Zollikofen"},"content":{"rendered":"\n<p class=\"wp-block-paragraph\">Das Geb\u00e4ude befindet sich an der <strong>Bernstrasse 102<\/strong> und wird sich harmonisch in das bestehende Stadtgef\u00fcge einf\u00fcgen. Es wird das benachbarte Wohnviertel erg\u00e4nzen und gleichzeitig Gesch\u00e4fts- und Dienstleistungsfunktionen aufnehmen, wodurch die Zentralit\u00e4t und die Attraktivit\u00e4t des Stadtzentrums gest\u00e4rkt werden. Das Projekt zeigt eine echte Verwurzelung in seinem Gebiet und ist so konzipiert, dass es sich dauerhaft in das t\u00e4gliche Leben der Bewohner einf\u00fcgt.  <\/p>\n\n<h3 class=\"wp-block-heading has-medium-font-size\">Ein gemischtes Programm, das f\u00fcr das Stadtleben gedacht ist<\/h3>\n\n<p class=\"wp-block-paragraph\"><br\/>Das Projekt &#8222;Via Berna&#8220; wird Folgendes umfassen:<\/p>\n\n<ul class=\"wp-block-list\">\n<li><strong>38 Eigentumswohnungen<\/strong>, die so konzipiert sind, dass sie den Bewohnern Komfort und Funktionalit\u00e4t bieten<\/li>\n\n\n\n<li><strong>Gewerbefl\u00e4chen<\/strong> zur Belebung des Viertels und zur F\u00f6rderung der Nutzungsmischung<\/li>\n\n\n\n<li>Eine im Erdgeschoss integrierte <strong>Bankfiliale<\/strong>, die zug\u00e4nglich und funktional ist<\/li>\n\n\n\n<li>Eine praktische und sichere <strong>Tiefgarage<\/strong> f\u00fcr Bewohner und Besucher<\/li>\n<\/ul>\n\n<p class=\"wp-block-paragraph\">Diese Funktionsmischung wird eine dynamische, koh\u00e4rente und nachhaltige Umgebung schaffen, die f\u00fcr die Bewohner, Gesch\u00e4ftsleute und Besucher des Stadtzentrums gedacht ist.<\/p>\n\n<h3 class=\"wp-block-heading has-medium-font-size\">Genauigkeit und Gr\u00fcndlichkeit bei der Durchf\u00fchrung<\/h3>\n\n<p class=\"wp-block-paragraph\"><br\/>Die Bauzeit ist auf 23 Monate, von April 2026 bis M\u00e4rz 2028, angesetzt, wobei <strong>die Vermarktung der Wohnungen bereits im M\u00e4rz 2026<\/strong> beginnen soll. Die Koordination zwischen der Alpenda AG Bern, Apart Architektur und dem Bauherrn wird die Genauigkeit bei der Einhaltung der Termine und die Qualit\u00e4t der Ausf\u00fchrung garantieren, die bei einem Projekt dieser Gr\u00f6ssenordnung zu erwarten ist. <\/p>\n\n<h3 class=\"wp-block-heading has-medium-font-size\">Eine von Spitzenleistungen geleitete Zusammenarbeit<\/h3>\n\n<p class=\"wp-block-paragraph\"><br\/>Der Erfolg des Projekts &#8222;Via Berna&#8220; beruht auf der Synergie zwischen der <strong>Alpenda AG Bern<\/strong>, die f\u00fcr den Totalunternehmer verantwortlich zeichnet, und <strong>Apart Architektur<\/strong>, die f\u00fcr die Planung zust\u00e4ndig ist. Gemeinsam garantieren sie ein funktionales, nachhaltiges und \u00e4sthetisch mit seinem Quartier koh\u00e4rentes Geb\u00e4ude, das perfekt auf die zuk\u00fcnftigen Bed\u00fcrfnisse der Bewohner, der Gesch\u00e4fte und der Aktivit\u00e4ten im Stadtzentrum abgestimmt ist. <\/p>\n\n<p class=\"wp-block-paragraph\"><\/p>\n\n<figure class=\"wp-block-gallery has-nested-images columns-default is-cropped wp-block-gallery-1 is-layout-flex wp-block-gallery-is-layout-flex\">\n<figure class=\"wp-block-image size-large\"><img decoding=\"async\" width=\"1024\" height=\"594\" data-id=\"11090\" src=\"https:\/\/alpenda.ch\/wp-content\/uploads\/2026\/03\/09-via-berna-aussen-1-final.-1024x594.jpg\" alt=\"\" class=\"wp-image-11090\" srcset=\"https:\/\/alpenda.ch\/wp-content\/uploads\/2026\/03\/09-via-berna-aussen-1-final.-1024x594.jpg 1024w, https:\/\/alpenda.ch\/wp-content\/uploads\/2026\/03\/09-via-berna-aussen-1-final.-300x174.jpg 300w, https:\/\/alpenda.ch\/wp-content\/uploads\/2026\/03\/09-via-berna-aussen-1-final.-768x446.jpg 768w, https:\/\/alpenda.ch\/wp-content\/uploads\/2026\/03\/09-via-berna-aussen-1-final.-1536x891.jpg 1536w, https:\/\/alpenda.ch\/wp-content\/uploads\/2026\/03\/09-via-berna-aussen-1-final.-2048x1189.jpg 2048w\" sizes=\"(max-width: 1024px) 100vw, 1024px\" \/><\/figure>\n\n\n\n<figure class=\"wp-block-image size-large\"><img decoding=\"async\" width=\"1024\" height=\"576\" data-id=\"11091\" src=\"https:\/\/alpenda.ch\/wp-content\/uploads\/2026\/03\/11-via-berna-innen-1-final.-1024x576.jpg\" alt=\"\" class=\"wp-image-11091\" srcset=\"https:\/\/alpenda.ch\/wp-content\/uploads\/2026\/03\/11-via-berna-innen-1-final.-1024x576.jpg 1024w, https:\/\/alpenda.ch\/wp-content\/uploads\/2026\/03\/11-via-berna-innen-1-final.-300x169.jpg 300w, https:\/\/alpenda.ch\/wp-content\/uploads\/2026\/03\/11-via-berna-innen-1-final.-768x432.jpg 768w, https:\/\/alpenda.ch\/wp-content\/uploads\/2026\/03\/11-via-berna-innen-1-final.-1536x864.jpg 1536w, https:\/\/alpenda.ch\/wp-content\/uploads\/2026\/03\/11-via-berna-innen-1-final.-2048x1152.jpg 2048w\" sizes=\"(max-width: 1024px) 100vw, 1024px\" \/><\/figure>\n\n\n\n<figure class=\"wp-block-image size-large\"><img decoding=\"async\" width=\"1024\" height=\"576\" data-id=\"11092\" src=\"https:\/\/alpenda.ch\/wp-content\/uploads\/2026\/03\/12-via-berna-innen-2-final.-1024x576.jpg\" alt=\"\" class=\"wp-image-11092\" srcset=\"https:\/\/alpenda.ch\/wp-content\/uploads\/2026\/03\/12-via-berna-innen-2-final.-1024x576.jpg 1024w, https:\/\/alpenda.ch\/wp-content\/uploads\/2026\/03\/12-via-berna-innen-2-final.-300x169.jpg 300w, https:\/\/alpenda.ch\/wp-content\/uploads\/2026\/03\/12-via-berna-innen-2-final.-768x432.jpg 768w, https:\/\/alpenda.ch\/wp-content\/uploads\/2026\/03\/12-via-berna-innen-2-final.-1536x864.jpg 1536w, https:\/\/alpenda.ch\/wp-content\/uploads\/2026\/03\/12-via-berna-innen-2-final.-2048x1152.jpg 2048w\" sizes=\"(max-width: 1024px) 100vw, 1024px\" \/><\/figure>\n<\/figure>\n\n<p class=\"has-medium-font-size wp-block-paragraph\"><\/p>\n\n<p class=\"wp-block-paragraph\"><\/p>\n\n<p class=\"wp-block-paragraph\"><\/p>\n\n<p class=\"wp-block-paragraph\"><\/p>\n\n<p class=\"wp-block-paragraph\"><\/p>\n\n<p class=\"wp-block-paragraph\"><\/p>\n\n<p class=\"wp-block-paragraph\"><\/p>\n\n<p class=\"wp-block-paragraph\"><\/p>\n","protected":false},"template":"","news_category":[],"class_list":["post-11087","news","type-news","status-publish","hentry"],"acf":[],"yoast_head":"<!-- This site is optimized with the Yoast SEO plugin v28.4 - https:\/\/yoast.com\/product\/yoast-seo-wordpress\/ -->\n<title>Via Berna in Zollikofen - Gemischtes Wohn- und Gesch\u00e4ftshaus<\/title>\n<meta name=\"description\" content=\"Entdecken Sie das neue Immobilienprojekt in Zollikofen: ein gemischtes Geb\u00e4ude mit 38 Wohnungen, Gesch\u00e4ften, einer Bankfiliale und einer Tiefgarage, das von Alpenda AG Bern in Zusammenarbeit mit Apart Architektur realisiert wurde.\" \/>\n<meta name=\"robots\" content=\"index, follow, max-snippet:-1, max-image-preview:large, max-video-preview:-1\" \/>\n<link rel=\"canonical\" href=\"https:\/\/alpenda.ch\/de\/actualite\/%f0%9f%8f%97%ef%b8%8f-actu-projet-les-eaux-vives-ge-2-2-2\/\" \/>\n<meta property=\"og:locale\" content=\"de_DE\" \/>\n<meta property=\"og:type\" content=\"article\" \/>\n<meta property=\"og:title\" content=\"Via Berna in Zollikofen - Gemischtes Wohn- und Gesch\u00e4ftshaus\" \/>\n<meta property=\"og:description\" content=\"Entdecken Sie das neue Immobilienprojekt in Zollikofen: ein gemischtes Geb\u00e4ude mit 38 Wohnungen, Gesch\u00e4ften, einer Bankfiliale und einer Tiefgarage, das von Alpenda AG Bern in Zusammenarbeit mit Apart Architektur realisiert wurde.\" \/>\n<meta property=\"og:url\" content=\"https:\/\/alpenda.ch\/de\/actualite\/%f0%9f%8f%97%ef%b8%8f-actu-projet-les-eaux-vives-ge-2-2-2\/\" \/>\n<meta property=\"og:site_name\" content=\"Alpenda\" \/>\n<meta property=\"og:image\" content=\"https:\/\/alpenda.ch\/wp-content\/uploads\/2026\/03\/09-via-berna-aussen-1-final.-scaled.jpg\" \/>\n\t<meta property=\"og:image:width\" content=\"2560\" \/>\n\t<meta property=\"og:image:height\" content=\"1486\" \/>\n\t<meta property=\"og:image:type\" content=\"image\/jpeg\" \/>\n<meta name=\"twitter:card\" content=\"summary_large_image\" \/>\n<meta name=\"twitter:label1\" content=\"Gesch\u00e4tzte Lesezeit\" \/>\n\t<meta name=\"twitter:data1\" content=\"2\u00a0Minuten\" \/>\n<script type=\"application\/ld+json\" class=\"yoast-schema-graph\">{\"@context\":\"https:\\\/\\\/schema.org\",\"@graph\":[{\"@type\":\"WebPage\",\"@id\":\"https:\\\/\\\/alpenda.ch\\\/de\\\/actualite\\\/%f0%9f%8f%97%ef%b8%8f-actu-projet-les-eaux-vives-ge-2-2-2\\\/\",\"url\":\"https:\\\/\\\/alpenda.ch\\\/de\\\/actualite\\\/%f0%9f%8f%97%ef%b8%8f-actu-projet-les-eaux-vives-ge-2-2-2\\\/\",\"name\":\"Via Berna in Zollikofen - Gemischtes Wohn- und Gesch\u00e4ftshaus\",\"isPartOf\":{\"@id\":\"https:\\\/\\\/alpenda.ch\\\/de\\\/#website\"},\"primaryImageOfPage\":{\"@id\":\"https:\\\/\\\/alpenda.ch\\\/de\\\/actualite\\\/%f0%9f%8f%97%ef%b8%8f-actu-projet-les-eaux-vives-ge-2-2-2\\\/#primaryimage\"},\"image\":{\"@id\":\"https:\\\/\\\/alpenda.ch\\\/de\\\/actualite\\\/%f0%9f%8f%97%ef%b8%8f-actu-projet-les-eaux-vives-ge-2-2-2\\\/#primaryimage\"},\"thumbnailUrl\":\"https:\\\/\\\/alpenda.ch\\\/wp-content\\\/uploads\\\/2026\\\/03\\\/09-via-berna-aussen-1-final.-1024x594.jpg\",\"datePublished\":\"2026-04-15T14:36:18+00:00\",\"description\":\"Entdecken Sie das neue Immobilienprojekt in Zollikofen: ein gemischtes Geb\u00e4ude mit 38 Wohnungen, Gesch\u00e4ften, einer Bankfiliale und einer Tiefgarage, das von Alpenda AG Bern in Zusammenarbeit mit Apart Architektur realisiert wurde.\",\"breadcrumb\":{\"@id\":\"https:\\\/\\\/alpenda.ch\\\/de\\\/actualite\\\/%f0%9f%8f%97%ef%b8%8f-actu-projet-les-eaux-vives-ge-2-2-2\\\/#breadcrumb\"},\"inLanguage\":\"de\",\"potentialAction\":[{\"@type\":\"ReadAction\",\"target\":[\"https:\\\/\\\/alpenda.ch\\\/de\\\/actualite\\\/%f0%9f%8f%97%ef%b8%8f-actu-projet-les-eaux-vives-ge-2-2-2\\\/\"]}]},{\"@type\":\"ImageObject\",\"inLanguage\":\"de\",\"@id\":\"https:\\\/\\\/alpenda.ch\\\/de\\\/actualite\\\/%f0%9f%8f%97%ef%b8%8f-actu-projet-les-eaux-vives-ge-2-2-2\\\/#primaryimage\",\"url\":\"https:\\\/\\\/alpenda.ch\\\/wp-content\\\/uploads\\\/2026\\\/03\\\/09-via-berna-aussen-1-final.-1024x594.jpg\",\"contentUrl\":\"https:\\\/\\\/alpenda.ch\\\/wp-content\\\/uploads\\\/2026\\\/03\\\/09-via-berna-aussen-1-final.-1024x594.jpg\"},{\"@type\":\"BreadcrumbList\",\"@id\":\"https:\\\/\\\/alpenda.ch\\\/de\\\/actualite\\\/%f0%9f%8f%97%ef%b8%8f-actu-projet-les-eaux-vives-ge-2-2-2\\\/#breadcrumb\",\"itemListElement\":[{\"@type\":\"ListItem\",\"position\":1,\"name\":\"Accueil\",\"item\":\"https:\\\/\\\/alpenda.ch\\\/de\\\/startseite\\\/\"},{\"@type\":\"ListItem\",\"position\":2,\"name\":\"Actualit\u00e9s\",\"item\":\"https:\\\/\\\/alpenda.ch\\\/de\\\/actualite\\\/\"},{\"@type\":\"ListItem\",\"position\":3,\"name\":\"Neues Wohn- und Gesch\u00e4ftshaus in Zollikofen\"}]},{\"@type\":\"WebSite\",\"@id\":\"https:\\\/\\\/alpenda.ch\\\/de\\\/#website\",\"url\":\"https:\\\/\\\/alpenda.ch\\\/de\\\/\",\"name\":\"Alpenda\",\"description\":\"Avec Alpenda, num\u00e9ro un des ET\\\/EG en Suisse romande, nous proposons dans la r\u00e9gion des prestations architecturales vari\u00e9es pour la r\u00e9alisation d\u2019immeubles.\",\"potentialAction\":[{\"@type\":\"SearchAction\",\"target\":{\"@type\":\"EntryPoint\",\"urlTemplate\":\"https:\\\/\\\/alpenda.ch\\\/de\\\/?s={search_term_string}\"},\"query-input\":{\"@type\":\"PropertyValueSpecification\",\"valueRequired\":true,\"valueName\":\"search_term_string\"}}],\"inLanguage\":\"de\"}]}<\/script>\n<!-- \/ Yoast SEO plugin. -->","yoast_head_json":{"title":"Via Berna in Zollikofen - Gemischtes Wohn- und Gesch\u00e4ftshaus","description":"Entdecken Sie das neue Immobilienprojekt in Zollikofen: ein gemischtes Geb\u00e4ude mit 38 Wohnungen, Gesch\u00e4ften, einer Bankfiliale und einer Tiefgarage, das von Alpenda AG Bern in Zusammenarbeit mit Apart Architektur realisiert wurde.","robots":{"index":"index","follow":"follow","max-snippet":"max-snippet:-1","max-image-preview":"max-image-preview:large","max-video-preview":"max-video-preview:-1"},"canonical":"https:\/\/alpenda.ch\/de\/actualite\/%f0%9f%8f%97%ef%b8%8f-actu-projet-les-eaux-vives-ge-2-2-2\/","og_locale":"de_DE","og_type":"article","og_title":"Via Berna in Zollikofen - Gemischtes Wohn- und Gesch\u00e4ftshaus","og_description":"Entdecken Sie das neue Immobilienprojekt in Zollikofen: ein gemischtes Geb\u00e4ude mit 38 Wohnungen, Gesch\u00e4ften, einer Bankfiliale und einer Tiefgarage, das von Alpenda AG Bern in Zusammenarbeit mit Apart Architektur realisiert wurde.","og_url":"https:\/\/alpenda.ch\/de\/actualite\/%f0%9f%8f%97%ef%b8%8f-actu-projet-les-eaux-vives-ge-2-2-2\/","og_site_name":"Alpenda","og_image":[{"width":2560,"height":1486,"url":"https:\/\/alpenda.ch\/wp-content\/uploads\/2026\/03\/09-via-berna-aussen-1-final.-scaled.jpg","type":"image\/jpeg"}],"twitter_card":"summary_large_image","twitter_misc":{"Gesch\u00e4tzte Lesezeit":"2\u00a0Minuten"},"schema":{"@context":"https:\/\/schema.org","@graph":[{"@type":"WebPage","@id":"https:\/\/alpenda.ch\/de\/actualite\/%f0%9f%8f%97%ef%b8%8f-actu-projet-les-eaux-vives-ge-2-2-2\/","url":"https:\/\/alpenda.ch\/de\/actualite\/%f0%9f%8f%97%ef%b8%8f-actu-projet-les-eaux-vives-ge-2-2-2\/","name":"Via Berna in Zollikofen - Gemischtes Wohn- und Gesch\u00e4ftshaus","isPartOf":{"@id":"https:\/\/alpenda.ch\/de\/#website"},"primaryImageOfPage":{"@id":"https:\/\/alpenda.ch\/de\/actualite\/%f0%9f%8f%97%ef%b8%8f-actu-projet-les-eaux-vives-ge-2-2-2\/#primaryimage"},"image":{"@id":"https:\/\/alpenda.ch\/de\/actualite\/%f0%9f%8f%97%ef%b8%8f-actu-projet-les-eaux-vives-ge-2-2-2\/#primaryimage"},"thumbnailUrl":"https:\/\/alpenda.ch\/wp-content\/uploads\/2026\/03\/09-via-berna-aussen-1-final.-1024x594.jpg","datePublished":"2026-04-15T14:36:18+00:00","description":"Entdecken Sie das neue Immobilienprojekt in Zollikofen: ein gemischtes Geb\u00e4ude mit 38 Wohnungen, Gesch\u00e4ften, einer Bankfiliale und einer Tiefgarage, das von Alpenda AG Bern in Zusammenarbeit mit Apart Architektur realisiert wurde.","breadcrumb":{"@id":"https:\/\/alpenda.ch\/de\/actualite\/%f0%9f%8f%97%ef%b8%8f-actu-projet-les-eaux-vives-ge-2-2-2\/#breadcrumb"},"inLanguage":"de","potentialAction":[{"@type":"ReadAction","target":["https:\/\/alpenda.ch\/de\/actualite\/%f0%9f%8f%97%ef%b8%8f-actu-projet-les-eaux-vives-ge-2-2-2\/"]}]},{"@type":"ImageObject","inLanguage":"de","@id":"https:\/\/alpenda.ch\/de\/actualite\/%f0%9f%8f%97%ef%b8%8f-actu-projet-les-eaux-vives-ge-2-2-2\/#primaryimage","url":"https:\/\/alpenda.ch\/wp-content\/uploads\/2026\/03\/09-via-berna-aussen-1-final.-1024x594.jpg","contentUrl":"https:\/\/alpenda.ch\/wp-content\/uploads\/2026\/03\/09-via-berna-aussen-1-final.-1024x594.jpg"},{"@type":"BreadcrumbList","@id":"https:\/\/alpenda.ch\/de\/actualite\/%f0%9f%8f%97%ef%b8%8f-actu-projet-les-eaux-vives-ge-2-2-2\/#breadcrumb","itemListElement":[{"@type":"ListItem","position":1,"name":"Accueil","item":"https:\/\/alpenda.ch\/de\/startseite\/"},{"@type":"ListItem","position":2,"name":"Actualit\u00e9s","item":"https:\/\/alpenda.ch\/de\/actualite\/"},{"@type":"ListItem","position":3,"name":"Neues Wohn- und Gesch\u00e4ftshaus in Zollikofen"}]},{"@type":"WebSite","@id":"https:\/\/alpenda.ch\/de\/#website","url":"https:\/\/alpenda.ch\/de\/","name":"Alpenda","description":"Avec Alpenda, num\u00e9ro un des ET\/EG en Suisse romande, nous proposons dans la r\u00e9gion des prestations architecturales vari\u00e9es pour la r\u00e9alisation d\u2019immeubles.","potentialAction":[{"@type":"SearchAction","target":{"@type":"EntryPoint","urlTemplate":"https:\/\/alpenda.ch\/de\/?s={search_term_string}"},"query-input":{"@type":"PropertyValueSpecification","valueRequired":true,"valueName":"search_term_string"}}],"inLanguage":"de"}]}},"_links":{"self":[{"href":"https:\/\/alpenda.ch\/de\/wp-json\/wp\/v2\/news\/11087","targetHints":{"allow":["GET"]}}],"collection":[{"href":"https:\/\/alpenda.ch\/de\/wp-json\/wp\/v2\/news"}],"about":[{"href":"https:\/\/alpenda.ch\/de\/wp-json\/wp\/v2\/types\/news"}],"wp:attachment":[{"href":"https:\/\/alpenda.ch\/de\/wp-json\/wp\/v2\/media?parent=11087"}],"wp:term":[{"taxonomy":"news_category","embeddable":true,"href":"https:\/\/alpenda.ch\/de\/wp-json\/wp\/v2\/news_category?post=11087"}],"curies":[{"name":"wp","href":"https:\/\/api.w.org\/{rel}","templated":true}]}}