{"id":7693,"date":"2026-04-15T16:36:11","date_gmt":"2026-04-15T14:36:11","guid":{"rendered":"https:\/\/alpenda.ch\/actualite\/ecole-du-plateau-in-lancy\/"},"modified":"2026-04-15T16:36:11","modified_gmt":"2026-04-15T14:36:11","slug":"ecole-du-plateau-in-lancy","status":"publish","type":"news","link":"https:\/\/alpenda.ch\/de\/actualite\/ecole-du-plateau-in-lancy\/","title":{"rendered":"\u00c9cole du Plateau in Lancy"},"content":{"rendered":"","protected":false},"template":"","news_category":[293],"class_list":["post-7693","news","type-news","status-publish","hentry","news_category-linkedin-de"],"acf":[],"yoast_head":"<!-- This site is optimized with the Yoast SEO plugin v28.4 - https:\/\/yoast.com\/product\/yoast-seo-wordpress\/ -->\n<title>\u00c9cole du Plateau in Lancy - Alpenda<\/title>\n<meta name=\"robots\" content=\"index, follow, max-snippet:-1, max-image-preview:large, max-video-preview:-1\" \/>\n<link rel=\"canonical\" href=\"https:\/\/alpenda.ch\/de\/actualite\/ecole-du-plateau-in-lancy\/\" \/>\n<meta property=\"og:locale\" content=\"de_DE\" \/>\n<meta property=\"og:type\" content=\"article\" \/>\n<meta property=\"og:title\" content=\"\u00c9cole du Plateau in Lancy - Alpenda\" \/>\n<meta property=\"og:url\" content=\"https:\/\/alpenda.ch\/de\/actualite\/ecole-du-plateau-in-lancy\/\" \/>\n<meta property=\"og:site_name\" content=\"Alpenda\" \/>\n<meta name=\"twitter:card\" content=\"summary_large_image\" \/>\n<script type=\"application\/ld+json\" class=\"yoast-schema-graph\">{\"@context\":\"https:\\\/\\\/schema.org\",\"@graph\":[{\"@type\":\"WebPage\",\"@id\":\"https:\\\/\\\/alpenda.ch\\\/de\\\/actualite\\\/ecole-du-plateau-in-lancy\\\/\",\"url\":\"https:\\\/\\\/alpenda.ch\\\/de\\\/actualite\\\/ecole-du-plateau-in-lancy\\\/\",\"name\":\"\u00c9cole du Plateau in Lancy - Alpenda\",\"isPartOf\":{\"@id\":\"https:\\\/\\\/alpenda.ch\\\/de\\\/#website\"},\"datePublished\":\"2026-04-15T14:36:11+00:00\",\"breadcrumb\":{\"@id\":\"https:\\\/\\\/alpenda.ch\\\/de\\\/actualite\\\/ecole-du-plateau-in-lancy\\\/#breadcrumb\"},\"inLanguage\":\"de\",\"potentialAction\":[{\"@type\":\"ReadAction\",\"target\":[\"https:\\\/\\\/alpenda.ch\\\/de\\\/actualite\\\/ecole-du-plateau-in-lancy\\\/\"]}]},{\"@type\":\"BreadcrumbList\",\"@id\":\"https:\\\/\\\/alpenda.ch\\\/de\\\/actualite\\\/ecole-du-plateau-in-lancy\\\/#breadcrumb\",\"itemListElement\":[{\"@type\":\"ListItem\",\"position\":1,\"name\":\"Accueil\",\"item\":\"https:\\\/\\\/alpenda.ch\\\/de\\\/startseite\\\/\"},{\"@type\":\"ListItem\",\"position\":2,\"name\":\"Actualit\u00e9s\",\"item\":\"https:\\\/\\\/alpenda.ch\\\/de\\\/actualite\\\/\"},{\"@type\":\"ListItem\",\"position\":3,\"name\":\"\u00c9cole du Plateau in Lancy\"}]},{\"@type\":\"WebSite\",\"@id\":\"https:\\\/\\\/alpenda.ch\\\/de\\\/#website\",\"url\":\"https:\\\/\\\/alpenda.ch\\\/de\\\/\",\"name\":\"Alpenda\",\"description\":\"Avec Alpenda, num\u00e9ro un des ET\\\/EG en Suisse romande, nous proposons dans la r\u00e9gion des prestations architecturales vari\u00e9es pour la r\u00e9alisation d\u2019immeubles.\",\"potentialAction\":[{\"@type\":\"SearchAction\",\"target\":{\"@type\":\"EntryPoint\",\"urlTemplate\":\"https:\\\/\\\/alpenda.ch\\\/de\\\/?s={search_term_string}\"},\"query-input\":{\"@type\":\"PropertyValueSpecification\",\"valueRequired\":true,\"valueName\":\"search_term_string\"}}],\"inLanguage\":\"de\"}]}<\/script>\n<!-- \/ Yoast SEO plugin. -->","yoast_head_json":{"title":"\u00c9cole du Plateau in Lancy - Alpenda","robots":{"index":"index","follow":"follow","max-snippet":"max-snippet:-1","max-image-preview":"max-image-preview:large","max-video-preview":"max-video-preview:-1"},"canonical":"https:\/\/alpenda.ch\/de\/actualite\/ecole-du-plateau-in-lancy\/","og_locale":"de_DE","og_type":"article","og_title":"\u00c9cole du Plateau in Lancy - Alpenda","og_url":"https:\/\/alpenda.ch\/de\/actualite\/ecole-du-plateau-in-lancy\/","og_site_name":"Alpenda","twitter_card":"summary_large_image","schema":{"@context":"https:\/\/schema.org","@graph":[{"@type":"WebPage","@id":"https:\/\/alpenda.ch\/de\/actualite\/ecole-du-plateau-in-lancy\/","url":"https:\/\/alpenda.ch\/de\/actualite\/ecole-du-plateau-in-lancy\/","name":"\u00c9cole du Plateau in Lancy - Alpenda","isPartOf":{"@id":"https:\/\/alpenda.ch\/de\/#website"},"datePublished":"2026-04-15T14:36:11+00:00","breadcrumb":{"@id":"https:\/\/alpenda.ch\/de\/actualite\/ecole-du-plateau-in-lancy\/#breadcrumb"},"inLanguage":"de","potentialAction":[{"@type":"ReadAction","target":["https:\/\/alpenda.ch\/de\/actualite\/ecole-du-plateau-in-lancy\/"]}]},{"@type":"BreadcrumbList","@id":"https:\/\/alpenda.ch\/de\/actualite\/ecole-du-plateau-in-lancy\/#breadcrumb","itemListElement":[{"@type":"ListItem","position":1,"name":"Accueil","item":"https:\/\/alpenda.ch\/de\/startseite\/"},{"@type":"ListItem","position":2,"name":"Actualit\u00e9s","item":"https:\/\/alpenda.ch\/de\/actualite\/"},{"@type":"ListItem","position":3,"name":"\u00c9cole du Plateau in Lancy"}]},{"@type":"WebSite","@id":"https:\/\/alpenda.ch\/de\/#website","url":"https:\/\/alpenda.ch\/de\/","name":"Alpenda","description":"Avec Alpenda, num\u00e9ro un des ET\/EG en Suisse romande, nous proposons dans la r\u00e9gion des prestations architecturales vari\u00e9es pour la r\u00e9alisation d\u2019immeubles.","potentialAction":[{"@type":"SearchAction","target":{"@type":"EntryPoint","urlTemplate":"https:\/\/alpenda.ch\/de\/?s={search_term_string}"},"query-input":{"@type":"PropertyValueSpecification","valueRequired":true,"valueName":"search_term_string"}}],"inLanguage":"de"}]}},"_links":{"self":[{"href":"https:\/\/alpenda.ch\/de\/wp-json\/wp\/v2\/news\/7693","targetHints":{"allow":["GET"]}}],"collection":[{"href":"https:\/\/alpenda.ch\/de\/wp-json\/wp\/v2\/news"}],"about":[{"href":"https:\/\/alpenda.ch\/de\/wp-json\/wp\/v2\/types\/news"}],"wp:attachment":[{"href":"https:\/\/alpenda.ch\/de\/wp-json\/wp\/v2\/media?parent=7693"}],"wp:term":[{"taxonomy":"news_category","embeddable":true,"href":"https:\/\/alpenda.ch\/de\/wp-json\/wp\/v2\/news_category?post=7693"}],"curies":[{"name":"wp","href":"https:\/\/api.w.org\/{rel}","templated":true}]}}