{"id":11052,"date":"2026-04-15T16:36:13","date_gmt":"2026-04-15T14:36:13","guid":{"rendered":"https:\/\/alpenda.ch\/actualite\/%f0%9f%8f%97%ef%b8%8f-actu-projet-les-eaux-vives-ge-2-2\/"},"modified":"2026-04-21T16:52:58","modified_gmt":"2026-04-21T14:52:58","slug":"%f0%9f%8f%97%ef%b8%8f-actu-projet-les-eaux-vives-ge-2-2-5","status":"publish","type":"news","link":"https:\/\/alpenda.ch\/en\/actualite\/%f0%9f%8f%97%ef%b8%8f-actu-projet-les-eaux-vives-ge-2-2-5\/","title":{"rendered":"\ud83c\udfd7\ufe0f [Actu projet] Les Eaux-Vives (GE)"},"content":{"rendered":"\n<p class=\"wp-block-paragraph\">Le 20 janvier, le chantier de l\u2019\u00e9coquartier En Gruvatiez \u00e0 Orbe a franchi une \u00e9tape majeure avec la c\u00e9l\u00e9bration du bouquet de chantier. Port\u00e9 par <strong>Alpenda<\/strong>, ce projet pr\u00e9voit la construction de 10 b\u00e2timents et 615 logements, int\u00e9grant des am\u00e9nagements ext\u00e9rieurs soign\u00e9s et pens\u00e9s pour le bien-\u00eatre des futurs habitants.<\/p>\n\n<p class=\"wp-block-paragraph\">En Gruvatiez repr\u00e9sente un d\u00e9veloppement strat\u00e9gique pour la ville, renfor\u00e7ant son tissu urbain tout en inscrivant le projet dans une logique de <strong>durabilit\u00e9<\/strong> et d\u2019<strong>excellence architecturale<\/strong>.<\/p>\n\n<p class=\"has-medium-font-size wp-block-paragraph\"><strong>Exigence architecturale et performance environnementale<\/strong><\/p>\n\n<p class=\"wp-block-paragraph\">Con\u00e7u en collaboration avec <strong>FEHLMANN ARCHITECTES SA<\/strong>, le projet se distingue par une qualit\u00e9 architecturale et technique \u00e9lev\u00e9e :<\/p>\n\n<ul class=\"wp-block-list\">\n<li><strong>Label Minergie-P Eco<\/strong> pour une performance \u00e9nerg\u00e9tique optimale<\/li>\n\n\n\n<li><strong>Certification SEED<\/strong> pour le respect des standards environnementaux et durables<\/li>\n<\/ul>\n\n<p class=\"wp-block-paragraph\">Chaque b\u00e2timent est pens\u00e9 pour concilier esth\u00e9tique, confort des habitants et respect des normes environnementales les plus strictes.<\/p>\n\n<p class=\"has-medium-font-size wp-block-paragraph\"><strong>Collaboration et dimension humaine<\/strong><\/p>\n\n<p class=\"wp-block-paragraph\">Le bouquet de chantier a mis en lumi\u00e8re la synergie entre mandataires, sous-traitants et \u00e9quipes de terrain, dont l\u2019expertise assure la r\u00e9alisation conforme aux standards les plus \u00e9lev\u00e9s.<\/p>\n\n<p class=\"wp-block-paragraph\">Le projet int\u00e8gre \u00e9galement des <strong>initiatives sociales<\/strong>, avec des programmes d\u2019insertion et de formation des jeunes professionnels, favorisant la <strong>transmission des comp\u00e9tences<\/strong> et des valeurs du secteur.<\/p>\n\n<p class=\"has-medium-font-size wp-block-paragraph\"><strong>Convivialit\u00e9 et esprit d\u2019\u00e9quipe<\/strong><\/p>\n\n<p class=\"wp-block-paragraph\">La c\u00e9r\u00e9monie a \u00e9t\u00e9 ponctu\u00e9e par un buffet convivial et des activit\u00e9s facilitant les \u00e9changes, illustrant l\u2019importance de <strong>l\u2019esprit d\u2019\u00e9quipe<\/strong> et de la coh\u00e9sion sur le chantier, valeurs au c\u0153ur de la r\u00e9ussite des projets d\u2019Alpenda.<\/p>\n\n<figure class=\"wp-block-gallery has-nested-images columns-default is-cropped wp-block-gallery-1 is-layout-flex wp-block-gallery-is-layout-flex\">\n<figure class=\"wp-block-image size-large\"><img decoding=\"async\" width=\"1024\" height=\"683\" data-id=\"11097\" src=\"https:\/\/alpenda.ch\/wp-content\/uploads\/2026\/03\/1770736733169.-1024x683.jpg\" alt=\"\" class=\"wp-image-11097\" srcset=\"https:\/\/alpenda.ch\/wp-content\/uploads\/2026\/03\/1770736733169.-1024x683.jpg 1024w, https:\/\/alpenda.ch\/wp-content\/uploads\/2026\/03\/1770736733169.-300x200.jpg 300w, https:\/\/alpenda.ch\/wp-content\/uploads\/2026\/03\/1770736733169.-768x512.jpg 768w, https:\/\/alpenda.ch\/wp-content\/uploads\/2026\/03\/1770736733169.-1536x1024.jpg 1536w, https:\/\/alpenda.ch\/wp-content\/uploads\/2026\/03\/1770736733169..jpg 2048w\" sizes=\"(max-width: 1024px) 100vw, 1024px\" \/><\/figure>\n\n\n\n<figure class=\"wp-block-image size-large\"><img decoding=\"async\" width=\"1024\" height=\"683\" data-id=\"11096\" src=\"https:\/\/alpenda.ch\/wp-content\/uploads\/2026\/03\/1770736733222.-1024x683.jpg\" alt=\"\" class=\"wp-image-11096\" srcset=\"https:\/\/alpenda.ch\/wp-content\/uploads\/2026\/03\/1770736733222.-1024x683.jpg 1024w, https:\/\/alpenda.ch\/wp-content\/uploads\/2026\/03\/1770736733222.-300x200.jpg 300w, https:\/\/alpenda.ch\/wp-content\/uploads\/2026\/03\/1770736733222.-768x512.jpg 768w, https:\/\/alpenda.ch\/wp-content\/uploads\/2026\/03\/1770736733222.-1536x1024.jpg 1536w, https:\/\/alpenda.ch\/wp-content\/uploads\/2026\/03\/1770736733222..jpg 2048w\" sizes=\"(max-width: 1024px) 100vw, 1024px\" \/><\/figure>\n\n\n\n<figure class=\"wp-block-image size-large\"><img decoding=\"async\" width=\"1024\" height=\"683\" data-id=\"11101\" src=\"https:\/\/alpenda.ch\/wp-content\/uploads\/2026\/03\/1770736733509.-1024x683.jpg\" alt=\"\" class=\"wp-image-11101\" srcset=\"https:\/\/alpenda.ch\/wp-content\/uploads\/2026\/03\/1770736733509.-1024x683.jpg 1024w, https:\/\/alpenda.ch\/wp-content\/uploads\/2026\/03\/1770736733509.-300x200.jpg 300w, https:\/\/alpenda.ch\/wp-content\/uploads\/2026\/03\/1770736733509.-768x512.jpg 768w, https:\/\/alpenda.ch\/wp-content\/uploads\/2026\/03\/1770736733509.-1536x1024.jpg 1536w, https:\/\/alpenda.ch\/wp-content\/uploads\/2026\/03\/1770736733509..jpg 2048w\" sizes=\"(max-width: 1024px) 100vw, 1024px\" \/><\/figure>\n\n\n\n<figure class=\"wp-block-image size-large\"><img decoding=\"async\" width=\"683\" height=\"1024\" data-id=\"11098\" src=\"https:\/\/alpenda.ch\/wp-content\/uploads\/2026\/03\/1770736725248.-683x1024.jpg\" alt=\"\" class=\"wp-image-11098\" srcset=\"https:\/\/alpenda.ch\/wp-content\/uploads\/2026\/03\/1770736725248.-683x1024.jpg 683w, https:\/\/alpenda.ch\/wp-content\/uploads\/2026\/03\/1770736725248.-200x300.jpg 200w, https:\/\/alpenda.ch\/wp-content\/uploads\/2026\/03\/1770736725248.-768x1152.jpg 768w, https:\/\/alpenda.ch\/wp-content\/uploads\/2026\/03\/1770736725248.-1024x1536.jpg 1024w, https:\/\/alpenda.ch\/wp-content\/uploads\/2026\/03\/1770736725248..jpg 1280w\" sizes=\"(max-width: 683px) 100vw, 683px\" \/><\/figure>\n\n\n\n<figure class=\"wp-block-image size-large\"><img decoding=\"async\" width=\"1024\" height=\"683\" data-id=\"11102\" src=\"https:\/\/alpenda.ch\/wp-content\/uploads\/2026\/03\/1770736732828.-1024x683.jpg\" alt=\"\" class=\"wp-image-11102\" srcset=\"https:\/\/alpenda.ch\/wp-content\/uploads\/2026\/03\/1770736732828.-1024x683.jpg 1024w, https:\/\/alpenda.ch\/wp-content\/uploads\/2026\/03\/1770736732828.-300x200.jpg 300w, https:\/\/alpenda.ch\/wp-content\/uploads\/2026\/03\/1770736732828.-768x512.jpg 768w, https:\/\/alpenda.ch\/wp-content\/uploads\/2026\/03\/1770736732828.-1536x1024.jpg 1536w, https:\/\/alpenda.ch\/wp-content\/uploads\/2026\/03\/1770736732828..jpg 2048w\" sizes=\"(max-width: 1024px) 100vw, 1024px\" \/><\/figure>\n\n\n\n<figure class=\"wp-block-image size-large\"><img decoding=\"async\" width=\"1024\" height=\"683\" data-id=\"11099\" src=\"https:\/\/alpenda.ch\/wp-content\/uploads\/2026\/03\/1770736732566.-1024x683.jpg\" alt=\"\" class=\"wp-image-11099\" srcset=\"https:\/\/alpenda.ch\/wp-content\/uploads\/2026\/03\/1770736732566.-1024x683.jpg 1024w, https:\/\/alpenda.ch\/wp-content\/uploads\/2026\/03\/1770736732566.-300x200.jpg 300w, https:\/\/alpenda.ch\/wp-content\/uploads\/2026\/03\/1770736732566.-768x512.jpg 768w, https:\/\/alpenda.ch\/wp-content\/uploads\/2026\/03\/1770736732566.-1536x1024.jpg 1536w, https:\/\/alpenda.ch\/wp-content\/uploads\/2026\/03\/1770736732566..jpg 2048w\" sizes=\"(max-width: 1024px) 100vw, 1024px\" \/><\/figure>\n\n\n\n<figure class=\"wp-block-image size-large\"><img decoding=\"async\" width=\"1024\" height=\"683\" data-id=\"11105\" src=\"https:\/\/alpenda.ch\/wp-content\/uploads\/2026\/03\/1770736756127.-1024x683.jpg\" alt=\"\" class=\"wp-image-11105\" srcset=\"https:\/\/alpenda.ch\/wp-content\/uploads\/2026\/03\/1770736756127.-1024x683.jpg 1024w, https:\/\/alpenda.ch\/wp-content\/uploads\/2026\/03\/1770736756127.-300x200.jpg 300w, https:\/\/alpenda.ch\/wp-content\/uploads\/2026\/03\/1770736756127.-768x512.jpg 768w, https:\/\/alpenda.ch\/wp-content\/uploads\/2026\/03\/1770736756127.-1536x1024.jpg 1536w, https:\/\/alpenda.ch\/wp-content\/uploads\/2026\/03\/1770736756127..jpg 2048w\" sizes=\"(max-width: 1024px) 100vw, 1024px\" \/><\/figure>\n\n\n\n<figure class=\"wp-block-image size-large\"><img decoding=\"async\" width=\"683\" height=\"1024\" data-id=\"11106\" src=\"https:\/\/alpenda.ch\/wp-content\/uploads\/2026\/03\/1770736737209.-683x1024.jpg\" alt=\"\" class=\"wp-image-11106\" srcset=\"https:\/\/alpenda.ch\/wp-content\/uploads\/2026\/03\/1770736737209.-683x1024.jpg 683w, https:\/\/alpenda.ch\/wp-content\/uploads\/2026\/03\/1770736737209.-200x300.jpg 200w, https:\/\/alpenda.ch\/wp-content\/uploads\/2026\/03\/1770736737209.-768x1152.jpg 768w, https:\/\/alpenda.ch\/wp-content\/uploads\/2026\/03\/1770736737209.-1024x1536.jpg 1024w, https:\/\/alpenda.ch\/wp-content\/uploads\/2026\/03\/1770736737209..jpg 1280w\" sizes=\"(max-width: 683px) 100vw, 683px\" \/><\/figure>\n\n\n\n<figure class=\"wp-block-image size-large\"><img decoding=\"async\" width=\"1024\" height=\"683\" data-id=\"11104\" src=\"https:\/\/alpenda.ch\/wp-content\/uploads\/2026\/03\/1770736733956.-1024x683.jpg\" alt=\"\" class=\"wp-image-11104\" srcset=\"https:\/\/alpenda.ch\/wp-content\/uploads\/2026\/03\/1770736733956.-1024x683.jpg 1024w, https:\/\/alpenda.ch\/wp-content\/uploads\/2026\/03\/1770736733956.-300x200.jpg 300w, https:\/\/alpenda.ch\/wp-content\/uploads\/2026\/03\/1770736733956.-768x512.jpg 768w, https:\/\/alpenda.ch\/wp-content\/uploads\/2026\/03\/1770736733956.-1536x1024.jpg 1536w, https:\/\/alpenda.ch\/wp-content\/uploads\/2026\/03\/1770736733956..jpg 2048w\" sizes=\"(max-width: 1024px) 100vw, 1024px\" \/><\/figure>\n\n\n\n<figure class=\"wp-block-image size-large\"><img decoding=\"async\" width=\"683\" height=\"1024\" data-id=\"11103\" src=\"https:\/\/alpenda.ch\/wp-content\/uploads\/2026\/03\/1770736742319.-683x1024.jpg\" alt=\"\" class=\"wp-image-11103\" srcset=\"https:\/\/alpenda.ch\/wp-content\/uploads\/2026\/03\/1770736742319.-683x1024.jpg 683w, https:\/\/alpenda.ch\/wp-content\/uploads\/2026\/03\/1770736742319.-200x300.jpg 200w, https:\/\/alpenda.ch\/wp-content\/uploads\/2026\/03\/1770736742319.-768x1152.jpg 768w, https:\/\/alpenda.ch\/wp-content\/uploads\/2026\/03\/1770736742319.-1024x1536.jpg 1024w, https:\/\/alpenda.ch\/wp-content\/uploads\/2026\/03\/1770736742319..jpg 1280w\" sizes=\"(max-width: 683px) 100vw, 683px\" \/><\/figure>\n<\/figure>\n\n<p class=\"wp-block-paragraph\"><\/p>\n\n<p class=\"has-medium-font-size wp-block-paragraph\"><\/p>\n\n<p class=\"wp-block-paragraph\"><\/p>\n\n<p class=\"wp-block-paragraph\"><\/p>\n\n<p class=\"wp-block-paragraph\"><\/p>\n\n<p class=\"wp-block-paragraph\"><\/p>\n\n<p class=\"wp-block-paragraph\"><\/p>\n\n<p class=\"wp-block-paragraph\"><\/p>\n\n<p class=\"wp-block-paragraph\"><\/p>\n","protected":false},"template":"","news_category":[],"class_list":["post-11052","news","type-news","status-publish","hentry"],"acf":[],"yoast_head":"<!-- This site is optimized with the Yoast SEO plugin v28.4 - https:\/\/yoast.com\/product\/yoast-seo-wordpress\/ -->\n<title>\ud83c\udfd7\ufe0f [Actu projet] Les Eaux-Vives (GE) - Alpenda<\/title>\n<meta name=\"robots\" content=\"index, follow, max-snippet:-1, max-image-preview:large, max-video-preview:-1\" \/>\n<link rel=\"canonical\" href=\"https:\/\/alpenda.ch\/en\/actualite\/%f0%9f%8f%97%ef%b8%8f-actu-projet-les-eaux-vives-ge-2-2-5\/\" \/>\n<meta property=\"og:locale\" content=\"en_US\" \/>\n<meta property=\"og:type\" content=\"article\" \/>\n<meta property=\"og:title\" content=\"\ud83c\udfd7\ufe0f [Actu projet] Les Eaux-Vives (GE) - Alpenda\" \/>\n<meta property=\"og:description\" content=\"Le 20 janvier, le chantier de l\u2019\u00e9coquartier En Gruvatiez \u00e0 Orbe a franchi une \u00e9tape majeure avec la c\u00e9l\u00e9bration du bouquet de chantier. Port\u00e9 par Alpenda, ce projet pr\u00e9voit la construction de 10 b\u00e2timents et 615 logements, int\u00e9grant des am\u00e9nagements ext\u00e9rieurs soign\u00e9s et pens\u00e9s pour le bien-\u00eatre des futurs habitants. En Gruvatiez repr\u00e9sente un d\u00e9veloppement [&hellip;]\" \/>\n<meta property=\"og:url\" content=\"https:\/\/alpenda.ch\/en\/actualite\/%f0%9f%8f%97%ef%b8%8f-actu-projet-les-eaux-vives-ge-2-2-5\/\" \/>\n<meta property=\"og:site_name\" content=\"Alpenda\" \/>\n<meta property=\"article:modified_time\" content=\"2026-04-21T14:52:58+00:00\" \/>\n<meta property=\"og:image\" content=\"https:\/\/alpenda.ch\/wp-content\/uploads\/2026\/03\/1770736733169..jpg\" \/>\n\t<meta property=\"og:image:width\" content=\"2048\" \/>\n\t<meta property=\"og:image:height\" content=\"1365\" \/>\n\t<meta property=\"og:image:type\" content=\"image\/jpeg\" \/>\n<meta name=\"twitter:card\" content=\"summary_large_image\" \/>\n<meta name=\"twitter:label1\" content=\"Est. reading time\" \/>\n\t<meta name=\"twitter:data1\" content=\"1 minute\" \/>\n<script type=\"application\/ld+json\" class=\"yoast-schema-graph\">{\"@context\":\"https:\\\/\\\/schema.org\",\"@graph\":[{\"@type\":\"WebPage\",\"@id\":\"https:\\\/\\\/alpenda.ch\\\/en\\\/actualite\\\/%f0%9f%8f%97%ef%b8%8f-actu-projet-les-eaux-vives-ge-2-2-5\\\/\",\"url\":\"https:\\\/\\\/alpenda.ch\\\/en\\\/actualite\\\/%f0%9f%8f%97%ef%b8%8f-actu-projet-les-eaux-vives-ge-2-2-5\\\/\",\"name\":\"\ud83c\udfd7\ufe0f [Actu projet] Les Eaux-Vives (GE) - Alpenda\",\"isPartOf\":{\"@id\":\"https:\\\/\\\/alpenda.ch\\\/en\\\/#website\"},\"primaryImageOfPage\":{\"@id\":\"https:\\\/\\\/alpenda.ch\\\/en\\\/actualite\\\/%f0%9f%8f%97%ef%b8%8f-actu-projet-les-eaux-vives-ge-2-2-5\\\/#primaryimage\"},\"image\":{\"@id\":\"https:\\\/\\\/alpenda.ch\\\/en\\\/actualite\\\/%f0%9f%8f%97%ef%b8%8f-actu-projet-les-eaux-vives-ge-2-2-5\\\/#primaryimage\"},\"thumbnailUrl\":\"https:\\\/\\\/alpenda.ch\\\/wp-content\\\/uploads\\\/2026\\\/03\\\/1770736733169.-1024x683.jpg\",\"datePublished\":\"2026-04-15T14:36:13+00:00\",\"dateModified\":\"2026-04-21T14:52:58+00:00\",\"breadcrumb\":{\"@id\":\"https:\\\/\\\/alpenda.ch\\\/en\\\/actualite\\\/%f0%9f%8f%97%ef%b8%8f-actu-projet-les-eaux-vives-ge-2-2-5\\\/#breadcrumb\"},\"inLanguage\":\"en-US\",\"potentialAction\":[{\"@type\":\"ReadAction\",\"target\":[\"https:\\\/\\\/alpenda.ch\\\/en\\\/actualite\\\/%f0%9f%8f%97%ef%b8%8f-actu-projet-les-eaux-vives-ge-2-2-5\\\/\"]}]},{\"@type\":\"ImageObject\",\"inLanguage\":\"en-US\",\"@id\":\"https:\\\/\\\/alpenda.ch\\\/en\\\/actualite\\\/%f0%9f%8f%97%ef%b8%8f-actu-projet-les-eaux-vives-ge-2-2-5\\\/#primaryimage\",\"url\":\"https:\\\/\\\/alpenda.ch\\\/wp-content\\\/uploads\\\/2026\\\/03\\\/1770736733169.-1024x683.jpg\",\"contentUrl\":\"https:\\\/\\\/alpenda.ch\\\/wp-content\\\/uploads\\\/2026\\\/03\\\/1770736733169.-1024x683.jpg\"},{\"@type\":\"BreadcrumbList\",\"@id\":\"https:\\\/\\\/alpenda.ch\\\/en\\\/actualite\\\/%f0%9f%8f%97%ef%b8%8f-actu-projet-les-eaux-vives-ge-2-2-5\\\/#breadcrumb\",\"itemListElement\":[{\"@type\":\"ListItem\",\"position\":1,\"name\":\"Accueil\",\"item\":\"https:\\\/\\\/alpenda.ch\\\/en\\\/home\\\/\"},{\"@type\":\"ListItem\",\"position\":2,\"name\":\"Actualit\u00e9s\",\"item\":\"https:\\\/\\\/alpenda.ch\\\/en\\\/actualite\\\/\"},{\"@type\":\"ListItem\",\"position\":3,\"name\":\"\ud83c\udfd7\ufe0f [Actu projet] Les Eaux-Vives (GE)\"}]},{\"@type\":\"WebSite\",\"@id\":\"https:\\\/\\\/alpenda.ch\\\/en\\\/#website\",\"url\":\"https:\\\/\\\/alpenda.ch\\\/en\\\/\",\"name\":\"Alpenda\",\"description\":\"Avec Alpenda, num\u00e9ro un des ET\\\/EG en Suisse romande, nous proposons dans la r\u00e9gion des prestations architecturales vari\u00e9es pour la r\u00e9alisation d\u2019immeubles.\",\"potentialAction\":[{\"@type\":\"SearchAction\",\"target\":{\"@type\":\"EntryPoint\",\"urlTemplate\":\"https:\\\/\\\/alpenda.ch\\\/en\\\/?s={search_term_string}\"},\"query-input\":{\"@type\":\"PropertyValueSpecification\",\"valueRequired\":true,\"valueName\":\"search_term_string\"}}],\"inLanguage\":\"en-US\"}]}<\/script>\n<!-- \/ Yoast SEO plugin. -->","yoast_head_json":{"title":"\ud83c\udfd7\ufe0f [Actu projet] Les Eaux-Vives (GE) - Alpenda","robots":{"index":"index","follow":"follow","max-snippet":"max-snippet:-1","max-image-preview":"max-image-preview:large","max-video-preview":"max-video-preview:-1"},"canonical":"https:\/\/alpenda.ch\/en\/actualite\/%f0%9f%8f%97%ef%b8%8f-actu-projet-les-eaux-vives-ge-2-2-5\/","og_locale":"en_US","og_type":"article","og_title":"\ud83c\udfd7\ufe0f [Actu projet] Les Eaux-Vives (GE) - Alpenda","og_description":"Le 20 janvier, le chantier de l\u2019\u00e9coquartier En Gruvatiez \u00e0 Orbe a franchi une \u00e9tape majeure avec la c\u00e9l\u00e9bration du bouquet de chantier. Port\u00e9 par Alpenda, ce projet pr\u00e9voit la construction de 10 b\u00e2timents et 615 logements, int\u00e9grant des am\u00e9nagements ext\u00e9rieurs soign\u00e9s et pens\u00e9s pour le bien-\u00eatre des futurs habitants. En Gruvatiez repr\u00e9sente un d\u00e9veloppement [&hellip;]","og_url":"https:\/\/alpenda.ch\/en\/actualite\/%f0%9f%8f%97%ef%b8%8f-actu-projet-les-eaux-vives-ge-2-2-5\/","og_site_name":"Alpenda","article_modified_time":"2026-04-21T14:52:58+00:00","og_image":[{"width":2048,"height":1365,"url":"https:\/\/alpenda.ch\/wp-content\/uploads\/2026\/03\/1770736733169..jpg","type":"image\/jpeg"}],"twitter_card":"summary_large_image","twitter_misc":{"Est. reading time":"1 minute"},"schema":{"@context":"https:\/\/schema.org","@graph":[{"@type":"WebPage","@id":"https:\/\/alpenda.ch\/en\/actualite\/%f0%9f%8f%97%ef%b8%8f-actu-projet-les-eaux-vives-ge-2-2-5\/","url":"https:\/\/alpenda.ch\/en\/actualite\/%f0%9f%8f%97%ef%b8%8f-actu-projet-les-eaux-vives-ge-2-2-5\/","name":"\ud83c\udfd7\ufe0f [Actu projet] Les Eaux-Vives (GE) - Alpenda","isPartOf":{"@id":"https:\/\/alpenda.ch\/en\/#website"},"primaryImageOfPage":{"@id":"https:\/\/alpenda.ch\/en\/actualite\/%f0%9f%8f%97%ef%b8%8f-actu-projet-les-eaux-vives-ge-2-2-5\/#primaryimage"},"image":{"@id":"https:\/\/alpenda.ch\/en\/actualite\/%f0%9f%8f%97%ef%b8%8f-actu-projet-les-eaux-vives-ge-2-2-5\/#primaryimage"},"thumbnailUrl":"https:\/\/alpenda.ch\/wp-content\/uploads\/2026\/03\/1770736733169.-1024x683.jpg","datePublished":"2026-04-15T14:36:13+00:00","dateModified":"2026-04-21T14:52:58+00:00","breadcrumb":{"@id":"https:\/\/alpenda.ch\/en\/actualite\/%f0%9f%8f%97%ef%b8%8f-actu-projet-les-eaux-vives-ge-2-2-5\/#breadcrumb"},"inLanguage":"en-US","potentialAction":[{"@type":"ReadAction","target":["https:\/\/alpenda.ch\/en\/actualite\/%f0%9f%8f%97%ef%b8%8f-actu-projet-les-eaux-vives-ge-2-2-5\/"]}]},{"@type":"ImageObject","inLanguage":"en-US","@id":"https:\/\/alpenda.ch\/en\/actualite\/%f0%9f%8f%97%ef%b8%8f-actu-projet-les-eaux-vives-ge-2-2-5\/#primaryimage","url":"https:\/\/alpenda.ch\/wp-content\/uploads\/2026\/03\/1770736733169.-1024x683.jpg","contentUrl":"https:\/\/alpenda.ch\/wp-content\/uploads\/2026\/03\/1770736733169.-1024x683.jpg"},{"@type":"BreadcrumbList","@id":"https:\/\/alpenda.ch\/en\/actualite\/%f0%9f%8f%97%ef%b8%8f-actu-projet-les-eaux-vives-ge-2-2-5\/#breadcrumb","itemListElement":[{"@type":"ListItem","position":1,"name":"Accueil","item":"https:\/\/alpenda.ch\/en\/home\/"},{"@type":"ListItem","position":2,"name":"Actualit\u00e9s","item":"https:\/\/alpenda.ch\/en\/actualite\/"},{"@type":"ListItem","position":3,"name":"\ud83c\udfd7\ufe0f [Actu projet] Les Eaux-Vives (GE)"}]},{"@type":"WebSite","@id":"https:\/\/alpenda.ch\/en\/#website","url":"https:\/\/alpenda.ch\/en\/","name":"Alpenda","description":"Avec Alpenda, num\u00e9ro un des ET\/EG en Suisse romande, nous proposons dans la r\u00e9gion des prestations architecturales vari\u00e9es pour la r\u00e9alisation d\u2019immeubles.","potentialAction":[{"@type":"SearchAction","target":{"@type":"EntryPoint","urlTemplate":"https:\/\/alpenda.ch\/en\/?s={search_term_string}"},"query-input":{"@type":"PropertyValueSpecification","valueRequired":true,"valueName":"search_term_string"}}],"inLanguage":"en-US"}]}},"_links":{"self":[{"href":"https:\/\/alpenda.ch\/en\/wp-json\/wp\/v2\/news\/11052","targetHints":{"allow":["GET"]}}],"collection":[{"href":"https:\/\/alpenda.ch\/en\/wp-json\/wp\/v2\/news"}],"about":[{"href":"https:\/\/alpenda.ch\/en\/wp-json\/wp\/v2\/types\/news"}],"wp:attachment":[{"href":"https:\/\/alpenda.ch\/en\/wp-json\/wp\/v2\/media?parent=11052"}],"wp:term":[{"taxonomy":"news_category","embeddable":true,"href":"https:\/\/alpenda.ch\/en\/wp-json\/wp\/v2\/news_category?post=11052"}],"curies":[{"name":"wp","href":"https:\/\/api.w.org\/{rel}","templated":true}]}}