{"id":11065,"date":"2026-04-15T16:36:17","date_gmt":"2026-04-15T14:36:17","guid":{"rendered":"https:\/\/alpenda.ch\/actualite\/%f0%9f%8f%97%ef%b8%8f-actu-projet-les-eaux-vives-ge-2-2\/"},"modified":"2026-04-15T16:36:17","modified_gmt":"2026-04-15T14:36:17","slug":"%f0%9f%8f%97%ef%b8%8f-actu-projet-les-eaux-vives-ge-2-2-3","status":"publish","type":"news","link":"https:\/\/alpenda.ch\/en\/actualite\/%f0%9f%8f%97%ef%b8%8f-actu-projet-les-eaux-vives-ge-2-2-3\/","title":{"rendered":"\ud83c\udfd7\ufe0f [Actu projet] Les Eaux-Vives (GE)"},"content":{"rendered":"\n<p class=\"wp-block-paragraph\">Pens\u00e9e comme un outil de production \u00e0 part enti\u00e8re, cette manufacture horlog\u00e8re r\u00e9pond aux exigences les plus \u00e9lev\u00e9es en mati\u00e8re de construction. Chaque composant du b\u00e2timent a \u00e9t\u00e9 \u00e9tudi\u00e9 avec pr\u00e9cision, afin d\u2019assurer \u00e0 la fois <strong>performance technique, qualit\u00e9 d\u2019ex\u00e9cution et confort d\u2019usage<\/strong>.<\/p>\n\n<p class=\"wp-block-paragraph\">Les volumes ont \u00e9t\u00e9 dimensionn\u00e9s pour offrir des espaces de travail efficaces et \u00e9volutifs, tandis que les circulations ont \u00e9t\u00e9 con\u00e7ues pour garantir fluidit\u00e9 et lisibilit\u00e9. L\u2019ensemble s\u2019inscrit dans une approche durable, en lien direct avec son environnement et les sp\u00e9cificit\u00e9s de la Vall\u00e9e de Joux.<\/p>\n\n<h3 class=\"wp-block-heading has-medium-font-size\">Une architecture en r\u00e9sonance avec l\u2019horlogerie<\/h3>\n\n<p class=\"wp-block-paragraph\"><br\/>Con\u00e7u par le cabinet suisse De Giuli &amp; Portier Architectes SA, le b\u00e2timent d\u00e9veloppe une identit\u00e9 architecturale forte et imm\u00e9diatement reconnaissable.<\/p>\n\n<p class=\"wp-block-paragraph\">Ses <strong>321 m\u00e8tres de fa\u00e7ades incurv\u00e9es <\/strong>s\u2019inspirent directement de <strong>la forme d\u2019une masse oscillante<\/strong>, \u00e9l\u00e9ment central du mouvement horloger. Ce parti pris conf\u00e8re au projet une coh\u00e9rence formelle qui fait \u00e9cho \u00e0 l\u2019univers d\u2019Audemars Piguet, tout en affirmant une \u00e9criture contemporaine ma\u00eetris\u00e9e.<\/p>\n\n<h3 class=\"wp-block-heading has-medium-font-size\">Des espaces pens\u00e9s pour l\u2019excellence des m\u00e9tiers<\/h3>\n\n<p class=\"wp-block-paragraph\"><br\/>La conception int\u00e9rieure a \u00e9t\u00e9 guid\u00e9e par les besoins sp\u00e9cifiques des artisans horlogers, dont le travail exige un haut niveau de pr\u00e9cision et de concentration.<\/p>\n\n<p class=\"wp-block-paragraph\">La lumi\u00e8re naturelle, l\u2019acoustique et l\u2019organisation des espaces ont \u00e9t\u00e9 soigneusement \u00e9tudi\u00e9es afin de cr\u00e9er un environnement de travail optimal. Cette approche favorise \u00e0 la fois la qualit\u00e9 des gestes, la transmission des savoir-faire et les \u00e9changes entre \u00e9quipes.<\/p>\n\n<p class=\"wp-block-paragraph\">Des espaces de convivialit\u00e9 viennent compl\u00e9ter l\u2019ensemble, contribuant \u00e0 un \u00e9quilibre durable entre performance et bien-\u00eatre.<\/p>\n\n<h3 class=\"wp-block-heading has-medium-font-size\">Une approche globale de la durabilit\u00e9<\/h3>\n\n<p class=\"wp-block-paragraph\"><br\/>D\u00e9ploy\u00e9e sur huit niveaux, dont une partie en sous-sol, la manufacture int\u00e8gre les contraintes techniques propres aux activit\u00e9s horlog\u00e8res tout en r\u00e9pondant \u00e0 des standards \u00e9lev\u00e9s en mati\u00e8re de <strong>performance \u00e9nerg\u00e9tique<\/strong>.<\/p>\n\n<p class=\"wp-block-paragraph\">L\u2019optimisation des syst\u00e8mes, la gestion des ressources et l\u2019efficacit\u00e9 des installations traduisent une approche globale de la durabilit\u00e9. Le b\u00e2timent s\u2019inscrit ainsi dans une logique d\u2019exploitation ma\u00eetris\u00e9e sur le long terme.<\/p>\n\n<h3 class=\"wp-block-heading has-medium-font-size\">Une r\u00e9alisation ma\u00eetris\u00e9e dans ses d\u00e9lais<\/h3>\n\n<p class=\"wp-block-paragraph\"><br\/>La r\u00e9alisation de ce projet s\u2019est appuy\u00e9e sur une coordination \u00e9troite entre l\u2019ensemble des intervenants. Cette organisation rigoureuse a permis de respecter le planning initial, malgr\u00e9 la complexit\u00e9 technique du chantier.<\/p>\n\n<p class=\"wp-block-paragraph\">Le pilotage pr\u00e9cis et l\u2019anticipation des contraintes ont \u00e9t\u00e9 d\u00e9terminants pour garantir la qualit\u00e9 d\u2019ex\u00e9cution attendue.<\/p>\n\n<h3 class=\"wp-block-heading has-medium-font-size\">Une collaboration fond\u00e9e sur la confiance et l\u2019exigence<\/h3>\n\n<p class=\"wp-block-paragraph\"><br\/>La r\u00e9alisation de cette manufacture repose sur une collaboration \u00e9troite entre <strong>Audemars Piguet, De Giuli &amp; Portier Architectes SA<\/strong> et <strong>Alpenda<\/strong>, dans une logique d\u2019exigence partag\u00e9e.<\/p>\n\n<p class=\"wp-block-paragraph\">Ce projet illustre une approche de la construction guid\u00e9e par la pr\u00e9cision, la rigueur et la recherche d\u2019excellence, au service d\u2019un outil de production con\u00e7u pour durer, <strong>fonctionnel, durable et profond\u00e9ment ancr\u00e9 dans son territoire<\/strong>.<\/p>\n\n<p class=\"wp-block-paragraph\">Participer \u00e0 une r\u00e9alisation de cette nature aux c\u00f4t\u00e9s d\u2019un acteur de r\u00e9f\u00e9rence de la haute horlogerie constitue un privil\u00e8ge, abord\u00e9 avec responsabilit\u00e9.<\/p>\n\n<p class=\"wp-block-paragraph\"><\/p>\n\n<figure class=\"wp-block-gallery has-nested-images columns-default is-cropped wp-block-gallery-1 is-layout-flex wp-block-gallery-is-layout-flex\">\n<figure class=\"wp-block-image size-large\"><img decoding=\"async\" width=\"1024\" height=\"768\" data-id=\"11077\" src=\"https:\/\/alpenda.ch\/wp-content\/uploads\/2026\/03\/ap_arc_vip20983_hiris-ch_-digital.-1-1024x768.jpeg\" alt=\"\" class=\"wp-image-11077\" srcset=\"https:\/\/alpenda.ch\/wp-content\/uploads\/2026\/03\/ap_arc_vip20983_hiris-ch_-digital.-1-1024x768.jpeg 1024w, https:\/\/alpenda.ch\/wp-content\/uploads\/2026\/03\/ap_arc_vip20983_hiris-ch_-digital.-1-300x225.jpeg 300w, https:\/\/alpenda.ch\/wp-content\/uploads\/2026\/03\/ap_arc_vip20983_hiris-ch_-digital.-1-768x576.jpeg 768w, https:\/\/alpenda.ch\/wp-content\/uploads\/2026\/03\/ap_arc_vip20983_hiris-ch_-digital.-1-1536x1152.jpeg 1536w, https:\/\/alpenda.ch\/wp-content\/uploads\/2026\/03\/ap_arc_vip20983_hiris-ch_-digital.-1-2048x1536.jpeg 2048w\" sizes=\"(max-width: 1024px) 100vw, 1024px\" \/><\/figure>\n\n\n\n<figure class=\"wp-block-image size-large\"><img decoding=\"async\" width=\"768\" height=\"1024\" data-id=\"11075\" src=\"https:\/\/alpenda.ch\/wp-content\/uploads\/2026\/03\/dji_20251007072336_0338_d_hiris-ch_-digital.-2-768x1024.jpeg\" alt=\"\" class=\"wp-image-11075\" srcset=\"https:\/\/alpenda.ch\/wp-content\/uploads\/2026\/03\/dji_20251007072336_0338_d_hiris-ch_-digital.-2-768x1024.jpeg 768w, https:\/\/alpenda.ch\/wp-content\/uploads\/2026\/03\/dji_20251007072336_0338_d_hiris-ch_-digital.-2-225x300.jpeg 225w, https:\/\/alpenda.ch\/wp-content\/uploads\/2026\/03\/dji_20251007072336_0338_d_hiris-ch_-digital.-2-1152x1536.jpeg 1152w, https:\/\/alpenda.ch\/wp-content\/uploads\/2026\/03\/dji_20251007072336_0338_d_hiris-ch_-digital.-2-1536x2048.jpeg 1536w, https:\/\/alpenda.ch\/wp-content\/uploads\/2026\/03\/dji_20251007072336_0338_d_hiris-ch_-digital.-2-scaled.jpeg 1920w\" sizes=\"(max-width: 768px) 100vw, 768px\" \/><\/figure>\n\n\n\n<figure class=\"wp-block-image size-large\"><img decoding=\"async\" width=\"768\" height=\"1024\" data-id=\"11076\" src=\"https:\/\/alpenda.ch\/wp-content\/uploads\/2026\/03\/ap_arc_vip21227_hiris-ch_-digital.-1-768x1024.jpeg\" alt=\"\" class=\"wp-image-11076\" srcset=\"https:\/\/alpenda.ch\/wp-content\/uploads\/2026\/03\/ap_arc_vip21227_hiris-ch_-digital.-1-768x1024.jpeg 768w, https:\/\/alpenda.ch\/wp-content\/uploads\/2026\/03\/ap_arc_vip21227_hiris-ch_-digital.-1-225x300.jpeg 225w, https:\/\/alpenda.ch\/wp-content\/uploads\/2026\/03\/ap_arc_vip21227_hiris-ch_-digital.-1-1152x1536.jpeg 1152w, https:\/\/alpenda.ch\/wp-content\/uploads\/2026\/03\/ap_arc_vip21227_hiris-ch_-digital.-1-1536x2048.jpeg 1536w, https:\/\/alpenda.ch\/wp-content\/uploads\/2026\/03\/ap_arc_vip21227_hiris-ch_-digital.-1-scaled.jpeg 1920w\" sizes=\"(max-width: 768px) 100vw, 768px\" \/><\/figure>\n<\/figure>\n\n<p class=\"has-medium-font-size wp-block-paragraph\"><\/p>\n\n<p class=\"wp-block-paragraph\"><\/p>\n\n<p class=\"wp-block-paragraph\"><\/p>\n\n<p class=\"wp-block-paragraph\"><\/p>\n\n<p class=\"wp-block-paragraph\"><\/p>\n\n<p class=\"wp-block-paragraph\"><\/p>\n\n<p class=\"wp-block-paragraph\"><\/p>\n\n<p class=\"wp-block-paragraph\"><\/p>\n","protected":false},"template":"","news_category":[],"class_list":["post-11065","news","type-news","status-publish","hentry"],"acf":[],"yoast_head":"<!-- This site is optimized with the Yoast SEO plugin v28.4 - https:\/\/yoast.com\/product\/yoast-seo-wordpress\/ -->\n<title>\ud83c\udfd7\ufe0f [Actu projet] Les Eaux-Vives (GE) - Alpenda<\/title>\n<meta name=\"robots\" content=\"index, follow, max-snippet:-1, max-image-preview:large, max-video-preview:-1\" \/>\n<link rel=\"canonical\" href=\"https:\/\/alpenda.ch\/en\/actualite\/%f0%9f%8f%97%ef%b8%8f-actu-projet-les-eaux-vives-ge-2-2-3\/\" \/>\n<meta property=\"og:locale\" content=\"en_US\" \/>\n<meta property=\"og:type\" content=\"article\" \/>\n<meta property=\"og:title\" content=\"\ud83c\udfd7\ufe0f [Actu projet] Les Eaux-Vives (GE) - Alpenda\" \/>\n<meta property=\"og:description\" content=\"Pens\u00e9e comme un outil de production \u00e0 part enti\u00e8re, cette manufacture horlog\u00e8re r\u00e9pond aux exigences les plus \u00e9lev\u00e9es en mati\u00e8re de construction. Chaque composant du b\u00e2timent a \u00e9t\u00e9 \u00e9tudi\u00e9 avec pr\u00e9cision, afin d\u2019assurer \u00e0 la fois performance technique, qualit\u00e9 d\u2019ex\u00e9cution et confort d\u2019usage. Les volumes ont \u00e9t\u00e9 dimensionn\u00e9s pour offrir des espaces de travail efficaces [&hellip;]\" \/>\n<meta property=\"og:url\" content=\"https:\/\/alpenda.ch\/en\/actualite\/%f0%9f%8f%97%ef%b8%8f-actu-projet-les-eaux-vives-ge-2-2-3\/\" \/>\n<meta property=\"og:site_name\" content=\"Alpenda\" \/>\n<meta property=\"og:image\" content=\"https:\/\/alpenda.ch\/wp-content\/uploads\/2026\/03\/ap_arc_vip20983_hiris-ch_-digital.-1-scaled.jpeg\" \/>\n\t<meta property=\"og:image:width\" content=\"2560\" \/>\n\t<meta property=\"og:image:height\" content=\"1920\" \/>\n\t<meta property=\"og:image:type\" content=\"image\/jpeg\" \/>\n<meta name=\"twitter:card\" content=\"summary_large_image\" \/>\n<meta name=\"twitter:label1\" content=\"Est. reading time\" \/>\n\t<meta name=\"twitter:data1\" content=\"3 minutes\" \/>\n<script type=\"application\/ld+json\" class=\"yoast-schema-graph\">{\"@context\":\"https:\\\/\\\/schema.org\",\"@graph\":[{\"@type\":\"WebPage\",\"@id\":\"https:\\\/\\\/alpenda.ch\\\/en\\\/actualite\\\/%f0%9f%8f%97%ef%b8%8f-actu-projet-les-eaux-vives-ge-2-2-3\\\/\",\"url\":\"https:\\\/\\\/alpenda.ch\\\/en\\\/actualite\\\/%f0%9f%8f%97%ef%b8%8f-actu-projet-les-eaux-vives-ge-2-2-3\\\/\",\"name\":\"\ud83c\udfd7\ufe0f [Actu projet] Les Eaux-Vives (GE) - Alpenda\",\"isPartOf\":{\"@id\":\"https:\\\/\\\/alpenda.ch\\\/en\\\/#website\"},\"primaryImageOfPage\":{\"@id\":\"https:\\\/\\\/alpenda.ch\\\/en\\\/actualite\\\/%f0%9f%8f%97%ef%b8%8f-actu-projet-les-eaux-vives-ge-2-2-3\\\/#primaryimage\"},\"image\":{\"@id\":\"https:\\\/\\\/alpenda.ch\\\/en\\\/actualite\\\/%f0%9f%8f%97%ef%b8%8f-actu-projet-les-eaux-vives-ge-2-2-3\\\/#primaryimage\"},\"thumbnailUrl\":\"https:\\\/\\\/alpenda.ch\\\/wp-content\\\/uploads\\\/2026\\\/03\\\/ap_arc_vip20983_hiris-ch_-digital.-1-1024x768.jpeg\",\"datePublished\":\"2026-04-15T14:36:17+00:00\",\"breadcrumb\":{\"@id\":\"https:\\\/\\\/alpenda.ch\\\/en\\\/actualite\\\/%f0%9f%8f%97%ef%b8%8f-actu-projet-les-eaux-vives-ge-2-2-3\\\/#breadcrumb\"},\"inLanguage\":\"en-US\",\"potentialAction\":[{\"@type\":\"ReadAction\",\"target\":[\"https:\\\/\\\/alpenda.ch\\\/en\\\/actualite\\\/%f0%9f%8f%97%ef%b8%8f-actu-projet-les-eaux-vives-ge-2-2-3\\\/\"]}]},{\"@type\":\"ImageObject\",\"inLanguage\":\"en-US\",\"@id\":\"https:\\\/\\\/alpenda.ch\\\/en\\\/actualite\\\/%f0%9f%8f%97%ef%b8%8f-actu-projet-les-eaux-vives-ge-2-2-3\\\/#primaryimage\",\"url\":\"https:\\\/\\\/alpenda.ch\\\/wp-content\\\/uploads\\\/2026\\\/03\\\/ap_arc_vip20983_hiris-ch_-digital.-1-1024x768.jpeg\",\"contentUrl\":\"https:\\\/\\\/alpenda.ch\\\/wp-content\\\/uploads\\\/2026\\\/03\\\/ap_arc_vip20983_hiris-ch_-digital.-1-1024x768.jpeg\"},{\"@type\":\"BreadcrumbList\",\"@id\":\"https:\\\/\\\/alpenda.ch\\\/en\\\/actualite\\\/%f0%9f%8f%97%ef%b8%8f-actu-projet-les-eaux-vives-ge-2-2-3\\\/#breadcrumb\",\"itemListElement\":[{\"@type\":\"ListItem\",\"position\":1,\"name\":\"Accueil\",\"item\":\"https:\\\/\\\/alpenda.ch\\\/en\\\/home\\\/\"},{\"@type\":\"ListItem\",\"position\":2,\"name\":\"Actualit\u00e9s\",\"item\":\"https:\\\/\\\/alpenda.ch\\\/en\\\/actualite\\\/\"},{\"@type\":\"ListItem\",\"position\":3,\"name\":\"\ud83c\udfd7\ufe0f [Actu projet] Les Eaux-Vives (GE)\"}]},{\"@type\":\"WebSite\",\"@id\":\"https:\\\/\\\/alpenda.ch\\\/en\\\/#website\",\"url\":\"https:\\\/\\\/alpenda.ch\\\/en\\\/\",\"name\":\"Alpenda\",\"description\":\"Avec Alpenda, num\u00e9ro un des ET\\\/EG en Suisse romande, nous proposons dans la r\u00e9gion des prestations architecturales vari\u00e9es pour la r\u00e9alisation d\u2019immeubles.\",\"potentialAction\":[{\"@type\":\"SearchAction\",\"target\":{\"@type\":\"EntryPoint\",\"urlTemplate\":\"https:\\\/\\\/alpenda.ch\\\/en\\\/?s={search_term_string}\"},\"query-input\":{\"@type\":\"PropertyValueSpecification\",\"valueRequired\":true,\"valueName\":\"search_term_string\"}}],\"inLanguage\":\"en-US\"}]}<\/script>\n<!-- \/ Yoast SEO plugin. -->","yoast_head_json":{"title":"\ud83c\udfd7\ufe0f [Actu projet] Les Eaux-Vives (GE) - Alpenda","robots":{"index":"index","follow":"follow","max-snippet":"max-snippet:-1","max-image-preview":"max-image-preview:large","max-video-preview":"max-video-preview:-1"},"canonical":"https:\/\/alpenda.ch\/en\/actualite\/%f0%9f%8f%97%ef%b8%8f-actu-projet-les-eaux-vives-ge-2-2-3\/","og_locale":"en_US","og_type":"article","og_title":"\ud83c\udfd7\ufe0f [Actu projet] Les Eaux-Vives (GE) - Alpenda","og_description":"Pens\u00e9e comme un outil de production \u00e0 part enti\u00e8re, cette manufacture horlog\u00e8re r\u00e9pond aux exigences les plus \u00e9lev\u00e9es en mati\u00e8re de construction. Chaque composant du b\u00e2timent a \u00e9t\u00e9 \u00e9tudi\u00e9 avec pr\u00e9cision, afin d\u2019assurer \u00e0 la fois performance technique, qualit\u00e9 d\u2019ex\u00e9cution et confort d\u2019usage. Les volumes ont \u00e9t\u00e9 dimensionn\u00e9s pour offrir des espaces de travail efficaces [&hellip;]","og_url":"https:\/\/alpenda.ch\/en\/actualite\/%f0%9f%8f%97%ef%b8%8f-actu-projet-les-eaux-vives-ge-2-2-3\/","og_site_name":"Alpenda","og_image":[{"width":2560,"height":1920,"url":"https:\/\/alpenda.ch\/wp-content\/uploads\/2026\/03\/ap_arc_vip20983_hiris-ch_-digital.-1-scaled.jpeg","type":"image\/jpeg"}],"twitter_card":"summary_large_image","twitter_misc":{"Est. reading time":"3 minutes"},"schema":{"@context":"https:\/\/schema.org","@graph":[{"@type":"WebPage","@id":"https:\/\/alpenda.ch\/en\/actualite\/%f0%9f%8f%97%ef%b8%8f-actu-projet-les-eaux-vives-ge-2-2-3\/","url":"https:\/\/alpenda.ch\/en\/actualite\/%f0%9f%8f%97%ef%b8%8f-actu-projet-les-eaux-vives-ge-2-2-3\/","name":"\ud83c\udfd7\ufe0f [Actu projet] Les Eaux-Vives (GE) - Alpenda","isPartOf":{"@id":"https:\/\/alpenda.ch\/en\/#website"},"primaryImageOfPage":{"@id":"https:\/\/alpenda.ch\/en\/actualite\/%f0%9f%8f%97%ef%b8%8f-actu-projet-les-eaux-vives-ge-2-2-3\/#primaryimage"},"image":{"@id":"https:\/\/alpenda.ch\/en\/actualite\/%f0%9f%8f%97%ef%b8%8f-actu-projet-les-eaux-vives-ge-2-2-3\/#primaryimage"},"thumbnailUrl":"https:\/\/alpenda.ch\/wp-content\/uploads\/2026\/03\/ap_arc_vip20983_hiris-ch_-digital.-1-1024x768.jpeg","datePublished":"2026-04-15T14:36:17+00:00","breadcrumb":{"@id":"https:\/\/alpenda.ch\/en\/actualite\/%f0%9f%8f%97%ef%b8%8f-actu-projet-les-eaux-vives-ge-2-2-3\/#breadcrumb"},"inLanguage":"en-US","potentialAction":[{"@type":"ReadAction","target":["https:\/\/alpenda.ch\/en\/actualite\/%f0%9f%8f%97%ef%b8%8f-actu-projet-les-eaux-vives-ge-2-2-3\/"]}]},{"@type":"ImageObject","inLanguage":"en-US","@id":"https:\/\/alpenda.ch\/en\/actualite\/%f0%9f%8f%97%ef%b8%8f-actu-projet-les-eaux-vives-ge-2-2-3\/#primaryimage","url":"https:\/\/alpenda.ch\/wp-content\/uploads\/2026\/03\/ap_arc_vip20983_hiris-ch_-digital.-1-1024x768.jpeg","contentUrl":"https:\/\/alpenda.ch\/wp-content\/uploads\/2026\/03\/ap_arc_vip20983_hiris-ch_-digital.-1-1024x768.jpeg"},{"@type":"BreadcrumbList","@id":"https:\/\/alpenda.ch\/en\/actualite\/%f0%9f%8f%97%ef%b8%8f-actu-projet-les-eaux-vives-ge-2-2-3\/#breadcrumb","itemListElement":[{"@type":"ListItem","position":1,"name":"Accueil","item":"https:\/\/alpenda.ch\/en\/home\/"},{"@type":"ListItem","position":2,"name":"Actualit\u00e9s","item":"https:\/\/alpenda.ch\/en\/actualite\/"},{"@type":"ListItem","position":3,"name":"\ud83c\udfd7\ufe0f [Actu projet] Les Eaux-Vives (GE)"}]},{"@type":"WebSite","@id":"https:\/\/alpenda.ch\/en\/#website","url":"https:\/\/alpenda.ch\/en\/","name":"Alpenda","description":"Avec Alpenda, num\u00e9ro un des ET\/EG en Suisse romande, nous proposons dans la r\u00e9gion des prestations architecturales vari\u00e9es pour la r\u00e9alisation d\u2019immeubles.","potentialAction":[{"@type":"SearchAction","target":{"@type":"EntryPoint","urlTemplate":"https:\/\/alpenda.ch\/en\/?s={search_term_string}"},"query-input":{"@type":"PropertyValueSpecification","valueRequired":true,"valueName":"search_term_string"}}],"inLanguage":"en-US"}]}},"_links":{"self":[{"href":"https:\/\/alpenda.ch\/en\/wp-json\/wp\/v2\/news\/11065","targetHints":{"allow":["GET"]}}],"collection":[{"href":"https:\/\/alpenda.ch\/en\/wp-json\/wp\/v2\/news"}],"about":[{"href":"https:\/\/alpenda.ch\/en\/wp-json\/wp\/v2\/types\/news"}],"wp:attachment":[{"href":"https:\/\/alpenda.ch\/en\/wp-json\/wp\/v2\/media?parent=11065"}],"wp:term":[{"taxonomy":"news_category","embeddable":true,"href":"https:\/\/alpenda.ch\/en\/wp-json\/wp\/v2\/news_category?post=11065"}],"curies":[{"name":"wp","href":"https:\/\/api.w.org\/{rel}","templated":true}]}}