{"id":7690,"date":"2026-04-15T16:36:10","date_gmt":"2026-04-15T14:36:10","guid":{"rendered":"https:\/\/alpenda.ch\/actualite\/%f0%9f%8f%97%ef%b8%8f-actu-projet-les-eaux-vives-ge\/"},"modified":"2026-04-15T16:36:10","modified_gmt":"2026-04-15T14:36:10","slug":"%f0%9f%8f%97%ef%b8%8f-actu-projet-les-eaux-vives-ge","status":"publish","type":"news","link":"https:\/\/alpenda.ch\/en\/actualite\/%f0%9f%8f%97%ef%b8%8f-actu-projet-les-eaux-vives-ge\/","title":{"rendered":"\ud83c\udfd7\ufe0f [Actu projet] Les Eaux-Vives (GE)"},"content":{"rendered":"","protected":false},"template":"","news_category":[292],"class_list":["post-7690","news","type-news","status-publish","hentry","news_category-linkedin-en"],"acf":[],"yoast_head":"<!-- This site is optimized with the Yoast SEO plugin v28.4 - https:\/\/yoast.com\/product\/yoast-seo-wordpress\/ -->\n<title>\ud83c\udfd7\ufe0f [Actu projet] Les Eaux-Vives (GE) - Alpenda<\/title>\n<meta name=\"robots\" content=\"index, follow, max-snippet:-1, max-image-preview:large, max-video-preview:-1\" \/>\n<link rel=\"canonical\" href=\"https:\/\/alpenda.ch\/en\/actualite\/%f0%9f%8f%97%ef%b8%8f-actu-projet-les-eaux-vives-ge\/\" \/>\n<meta property=\"og:locale\" content=\"en_US\" \/>\n<meta property=\"og:type\" content=\"article\" \/>\n<meta property=\"og:title\" content=\"\ud83c\udfd7\ufe0f [Actu projet] Les Eaux-Vives (GE) - Alpenda\" \/>\n<meta property=\"og:url\" content=\"https:\/\/alpenda.ch\/en\/actualite\/%f0%9f%8f%97%ef%b8%8f-actu-projet-les-eaux-vives-ge\/\" \/>\n<meta property=\"og:site_name\" content=\"Alpenda\" \/>\n<meta name=\"twitter:card\" content=\"summary_large_image\" \/>\n<script type=\"application\/ld+json\" class=\"yoast-schema-graph\">{\"@context\":\"https:\\\/\\\/schema.org\",\"@graph\":[{\"@type\":\"WebPage\",\"@id\":\"https:\\\/\\\/alpenda.ch\\\/en\\\/actualite\\\/%f0%9f%8f%97%ef%b8%8f-actu-projet-les-eaux-vives-ge\\\/\",\"url\":\"https:\\\/\\\/alpenda.ch\\\/en\\\/actualite\\\/%f0%9f%8f%97%ef%b8%8f-actu-projet-les-eaux-vives-ge\\\/\",\"name\":\"\ud83c\udfd7\ufe0f [Actu projet] Les Eaux-Vives (GE) - Alpenda\",\"isPartOf\":{\"@id\":\"https:\\\/\\\/alpenda.ch\\\/en\\\/#website\"},\"datePublished\":\"2026-04-15T14:36:10+00:00\",\"breadcrumb\":{\"@id\":\"https:\\\/\\\/alpenda.ch\\\/en\\\/actualite\\\/%f0%9f%8f%97%ef%b8%8f-actu-projet-les-eaux-vives-ge\\\/#breadcrumb\"},\"inLanguage\":\"en-US\",\"potentialAction\":[{\"@type\":\"ReadAction\",\"target\":[\"https:\\\/\\\/alpenda.ch\\\/en\\\/actualite\\\/%f0%9f%8f%97%ef%b8%8f-actu-projet-les-eaux-vives-ge\\\/\"]}]},{\"@type\":\"BreadcrumbList\",\"@id\":\"https:\\\/\\\/alpenda.ch\\\/en\\\/actualite\\\/%f0%9f%8f%97%ef%b8%8f-actu-projet-les-eaux-vives-ge\\\/#breadcrumb\",\"itemListElement\":[{\"@type\":\"ListItem\",\"position\":1,\"name\":\"Accueil\",\"item\":\"https:\\\/\\\/alpenda.ch\\\/en\\\/home\\\/\"},{\"@type\":\"ListItem\",\"position\":2,\"name\":\"Actualit\u00e9s\",\"item\":\"https:\\\/\\\/alpenda.ch\\\/en\\\/actualite\\\/\"},{\"@type\":\"ListItem\",\"position\":3,\"name\":\"\ud83c\udfd7\ufe0f [Actu projet] Les Eaux-Vives (GE)\"}]},{\"@type\":\"WebSite\",\"@id\":\"https:\\\/\\\/alpenda.ch\\\/en\\\/#website\",\"url\":\"https:\\\/\\\/alpenda.ch\\\/en\\\/\",\"name\":\"Alpenda\",\"description\":\"Avec Alpenda, num\u00e9ro un des ET\\\/EG en Suisse romande, nous proposons dans la r\u00e9gion des prestations architecturales vari\u00e9es pour la r\u00e9alisation d\u2019immeubles.\",\"potentialAction\":[{\"@type\":\"SearchAction\",\"target\":{\"@type\":\"EntryPoint\",\"urlTemplate\":\"https:\\\/\\\/alpenda.ch\\\/en\\\/?s={search_term_string}\"},\"query-input\":{\"@type\":\"PropertyValueSpecification\",\"valueRequired\":true,\"valueName\":\"search_term_string\"}}],\"inLanguage\":\"en-US\"}]}<\/script>\n<!-- \/ Yoast SEO plugin. -->","yoast_head_json":{"title":"\ud83c\udfd7\ufe0f [Actu projet] Les Eaux-Vives (GE) - Alpenda","robots":{"index":"index","follow":"follow","max-snippet":"max-snippet:-1","max-image-preview":"max-image-preview:large","max-video-preview":"max-video-preview:-1"},"canonical":"https:\/\/alpenda.ch\/en\/actualite\/%f0%9f%8f%97%ef%b8%8f-actu-projet-les-eaux-vives-ge\/","og_locale":"en_US","og_type":"article","og_title":"\ud83c\udfd7\ufe0f [Actu projet] Les Eaux-Vives (GE) - Alpenda","og_url":"https:\/\/alpenda.ch\/en\/actualite\/%f0%9f%8f%97%ef%b8%8f-actu-projet-les-eaux-vives-ge\/","og_site_name":"Alpenda","twitter_card":"summary_large_image","schema":{"@context":"https:\/\/schema.org","@graph":[{"@type":"WebPage","@id":"https:\/\/alpenda.ch\/en\/actualite\/%f0%9f%8f%97%ef%b8%8f-actu-projet-les-eaux-vives-ge\/","url":"https:\/\/alpenda.ch\/en\/actualite\/%f0%9f%8f%97%ef%b8%8f-actu-projet-les-eaux-vives-ge\/","name":"\ud83c\udfd7\ufe0f [Actu projet] Les Eaux-Vives (GE) - Alpenda","isPartOf":{"@id":"https:\/\/alpenda.ch\/en\/#website"},"datePublished":"2026-04-15T14:36:10+00:00","breadcrumb":{"@id":"https:\/\/alpenda.ch\/en\/actualite\/%f0%9f%8f%97%ef%b8%8f-actu-projet-les-eaux-vives-ge\/#breadcrumb"},"inLanguage":"en-US","potentialAction":[{"@type":"ReadAction","target":["https:\/\/alpenda.ch\/en\/actualite\/%f0%9f%8f%97%ef%b8%8f-actu-projet-les-eaux-vives-ge\/"]}]},{"@type":"BreadcrumbList","@id":"https:\/\/alpenda.ch\/en\/actualite\/%f0%9f%8f%97%ef%b8%8f-actu-projet-les-eaux-vives-ge\/#breadcrumb","itemListElement":[{"@type":"ListItem","position":1,"name":"Accueil","item":"https:\/\/alpenda.ch\/en\/home\/"},{"@type":"ListItem","position":2,"name":"Actualit\u00e9s","item":"https:\/\/alpenda.ch\/en\/actualite\/"},{"@type":"ListItem","position":3,"name":"\ud83c\udfd7\ufe0f [Actu projet] Les Eaux-Vives (GE)"}]},{"@type":"WebSite","@id":"https:\/\/alpenda.ch\/en\/#website","url":"https:\/\/alpenda.ch\/en\/","name":"Alpenda","description":"Avec Alpenda, num\u00e9ro un des ET\/EG en Suisse romande, nous proposons dans la r\u00e9gion des prestations architecturales vari\u00e9es pour la r\u00e9alisation d\u2019immeubles.","potentialAction":[{"@type":"SearchAction","target":{"@type":"EntryPoint","urlTemplate":"https:\/\/alpenda.ch\/en\/?s={search_term_string}"},"query-input":{"@type":"PropertyValueSpecification","valueRequired":true,"valueName":"search_term_string"}}],"inLanguage":"en-US"}]}},"_links":{"self":[{"href":"https:\/\/alpenda.ch\/en\/wp-json\/wp\/v2\/news\/7690","targetHints":{"allow":["GET"]}}],"collection":[{"href":"https:\/\/alpenda.ch\/en\/wp-json\/wp\/v2\/news"}],"about":[{"href":"https:\/\/alpenda.ch\/en\/wp-json\/wp\/v2\/types\/news"}],"wp:attachment":[{"href":"https:\/\/alpenda.ch\/en\/wp-json\/wp\/v2\/media?parent=7690"}],"wp:term":[{"taxonomy":"news_category","embeddable":true,"href":"https:\/\/alpenda.ch\/en\/wp-json\/wp\/v2\/news_category?post=7690"}],"curies":[{"name":"wp","href":"https:\/\/api.w.org\/{rel}","templated":true}]}}